{"id":59,"date":"2006-11-07T17:30:53","date_gmt":"2006-11-07T17:30:53","guid":{"rendered":"http:\/\/fcpolit.unr.edu.ar\/blogs\/redaccion1-reviglio\/2006\/11\/07\/actividad-12\/"},"modified":"2006-11-07T17:30:53","modified_gmt":"2006-11-07T17:30:53","slug":"actividad-12","status":"publish","type":"post","link":"https:\/\/redaccion1.fcpolit.unr.edu.ar\/comision-reviglio\/2006\/11\/07\/actividad-12\/","title":{"rendered":"Actividad 12"},"content":{"rendered":"<p><img loading=\"lazy\" decoding=\"async\" alt=\"Tomas eloy martinez.jpg\" src=\"http:\/\/www.dialogica.com.ar\/unr\/redaccion1\/cecilia\/archivos\/Tomas eloy martinez.jpg\" width=\"114\" height=\"133\" align=\"left\" hspace=\"10\" \/><br \/>\n1)- Leer el texto: &#8220;<a href=\"http:\/\/www.dialogica.com.ar\/unr\/redaccion1\/archivos\/2006\/10\/periodismo_y_na.php#more\">Periodismo y narraci\u00f3n: desaf\u00edos para el siglo XXI&#8221; de Tom\u00e1s Eloy Mart\u00ednez<\/a>2)- \u00bfPor qu\u00e9 creen que los diarios se liberan del uso de las 5 W? \u00bfC\u00f3mo influye la TV en esto?<br \/>\n3)- \u00bfPor qu\u00e9 era necesario antes ese formato y ahora no resuelta adecuado a los requerimientos de la sociedad actual?<br \/>\n4)- Reflexionen sobre la funci\u00f3n de instalar preguntas que Mart\u00ednez le otorga al periodismo y escriban una breve conclusi\u00f3n.<br \/>\n5)- \u00bfC\u00f3mo relaciona el autor las tareas del periodista y el novelista?<br \/>\n6)- Escriban una conclusi\u00f3n general del texto para apelar al debate general.<\/p>\n","protected":false},"excerpt":{"rendered":"<p>1)- Leer el texto: &#8220;Periodismo y narraci\u00f3n: desaf\u00edos para el siglo XXI&#8221; de Tom\u00e1s Eloy Mart\u00ednez2)- \u00bfPor qu\u00e9 creen que los diarios se liberan del uso de las 5 W? \u00bfC\u00f3mo influye la TV en esto? 3)- \u00bfPor qu\u00e9 era necesario antes ese formato y ahora no resuelta adecuado a los requerimientos de la sociedad [&hellip;]<\/p>\n","protected":false},"author":27,"featured_media":0,"comment_status":"open","ping_status":"closed","sticky":false,"template":"","format":"standard","meta":{"footnotes":""},"categories":[39],"tags":[],"_links":{"self":[{"href":"https:\/\/redaccion1.fcpolit.unr.edu.ar\/comision-reviglio\/wp-json\/wp\/v2\/posts\/59"}],"collection":[{"href":"https:\/\/redaccion1.fcpolit.unr.edu.ar\/comision-reviglio\/wp-json\/wp\/v2\/posts"}],"about":[{"href":"https:\/\/redaccion1.fcpolit.unr.edu.ar\/comision-reviglio\/wp-json\/wp\/v2\/types\/post"}],"author":[{"embeddable":true,"href":"https:\/\/redaccion1.fcpolit.unr.edu.ar\/comision-reviglio\/wp-json\/wp\/v2\/users\/27"}],"replies":[{"embeddable":true,"href":"https:\/\/redaccion1.fcpolit.unr.edu.ar\/comision-reviglio\/wp-json\/wp\/v2\/comments?post=59"}],"version-history":[{"count":0,"href":"https:\/\/redaccion1.fcpolit.unr.edu.ar\/comision-reviglio\/wp-json\/wp\/v2\/posts\/59\/revisions"}],"wp:attachment":[{"href":"https:\/\/redaccion1.fcpolit.unr.edu.ar\/comision-reviglio\/wp-json\/wp\/v2\/media?parent=59"}],"wp:term":[{"taxonomy":"category","embeddable":true,"href":"https:\/\/redaccion1.fcpolit.unr.edu.ar\/comision-reviglio\/wp-json\/wp\/v2\/categories?post=59"},{"taxonomy":"post_tag","embeddable":true,"href":"https:\/\/redaccion1.fcpolit.unr.edu.ar\/comision-reviglio\/wp-json\/wp\/v2\/tags?post=59"}],"curies":[{"name":"wp","href":"https:\/\/api.w.org\/{rel}","templated":true}]}}