{"id":559,"date":"2013-10-09T11:19:49","date_gmt":"2013-10-09T11:19:49","guid":{"rendered":"http:\/\/fcpolit.unr.edu.ar\/blogs\/redaccion1-reviglio\/?p=559"},"modified":"2013-10-09T11:19:49","modified_gmt":"2013-10-09T11:19:49","slug":"trabajo-practico-15-suenos","status":"publish","type":"post","link":"https:\/\/redaccion1.fcpolit.unr.edu.ar\/comision-reviglio\/2013\/10\/09\/trabajo-practico-15-suenos\/","title":{"rendered":"Trabajo Pr\u00e1ctico 15: Sue\u00f1os"},"content":{"rendered":"<p>Para comenzar a trabajar el tema de narrativa, deber\u00e1n resolver en grupos el <a href=\"https:\/\/blogs.fcpolit.unr.edu.ar\/programa\/2008\/07\/17\/suenos\/\">Trabajo Pr\u00e1cticos Sue\u00f1os<\/a>, del profesor Mauricio Mayol.<br \/>\n<!--more--><br \/>\nEl trabajo deber\u00e1 ser realizado y entregado <strong>en grupos de dos o tres estudiantes<\/strong>. No puede ser resuelto de manera individual.<\/p>\n<p>Fecha de entrega: Lunes 14 de octubre por correo electr\u00f3nico a la direcci\u00f3n ceciliareviglio@hotmail.com<\/p>\n","protected":false},"excerpt":{"rendered":"<p>Para comenzar a trabajar el tema de narrativa, deber\u00e1n resolver en grupos el Trabajo Pr\u00e1cticos Sue\u00f1os, del profesor Mauricio Mayol.<\/p>\n","protected":false},"author":17,"featured_media":0,"comment_status":"open","ping_status":"open","sticky":false,"template":"","format":"standard","meta":{"footnotes":""},"categories":[1],"tags":[],"_links":{"self":[{"href":"https:\/\/redaccion1.fcpolit.unr.edu.ar\/comision-reviglio\/wp-json\/wp\/v2\/posts\/559"}],"collection":[{"href":"https:\/\/redaccion1.fcpolit.unr.edu.ar\/comision-reviglio\/wp-json\/wp\/v2\/posts"}],"about":[{"href":"https:\/\/redaccion1.fcpolit.unr.edu.ar\/comision-reviglio\/wp-json\/wp\/v2\/types\/post"}],"author":[{"embeddable":true,"href":"https:\/\/redaccion1.fcpolit.unr.edu.ar\/comision-reviglio\/wp-json\/wp\/v2\/users\/17"}],"replies":[{"embeddable":true,"href":"https:\/\/redaccion1.fcpolit.unr.edu.ar\/comision-reviglio\/wp-json\/wp\/v2\/comments?post=559"}],"version-history":[{"count":0,"href":"https:\/\/redaccion1.fcpolit.unr.edu.ar\/comision-reviglio\/wp-json\/wp\/v2\/posts\/559\/revisions"}],"wp:attachment":[{"href":"https:\/\/redaccion1.fcpolit.unr.edu.ar\/comision-reviglio\/wp-json\/wp\/v2\/media?parent=559"}],"wp:term":[{"taxonomy":"category","embeddable":true,"href":"https:\/\/redaccion1.fcpolit.unr.edu.ar\/comision-reviglio\/wp-json\/wp\/v2\/categories?post=559"},{"taxonomy":"post_tag","embeddable":true,"href":"https:\/\/redaccion1.fcpolit.unr.edu.ar\/comision-reviglio\/wp-json\/wp\/v2\/tags?post=559"}],"curies":[{"name":"wp","href":"https:\/\/api.w.org\/{rel}","templated":true}]}}