{"id":557,"date":"2013-10-09T11:16:15","date_gmt":"2013-10-09T11:16:15","guid":{"rendered":"http:\/\/fcpolit.unr.edu.ar\/blogs\/redaccion1-reviglio\/?p=557"},"modified":"2013-10-09T11:16:15","modified_gmt":"2013-10-09T11:16:15","slug":"trabajo-practico-final-consignas","status":"publish","type":"post","link":"https:\/\/redaccion1.fcpolit.unr.edu.ar\/comision-reviglio\/2013\/10\/09\/trabajo-practico-final-consignas\/","title":{"rendered":"Trabajo Pr\u00e1ctico Final &#8211; Consignas"},"content":{"rendered":"<p>Sobre fin de la cursada, deber\u00e1n entregar el 4to Trabajo Pr\u00e1ctico integrador de entrega obligatoria para regularizar la materia. Supone un trabajo de producci\u00f3n de textos extenso que requiere de mucha planificaci\u00f3n, tiempo y pasos a seguir.<br \/>\nEn primer lugar, cada uno de ustedes debe buscar un tema que le interese sobremanera para realizar una investigaci\u00f3n. El tema debe ser novedoso, original e importante para una gran cantidad de personas de la zona a la cual pertenece cada uno de ustedes. Debe estar bien acotado y ser de f\u00e1cil acceso.<br \/>\n<!--more--><br \/>\n<strong>\u00bfQu\u00e9 caracter\u00edsticas debe tener el tema elegido?<\/strong><br \/>\nTiene que ser actual, es decir, no puede ser un tema hist\u00f3rico.<br \/>\nTiene que ser un tema in\u00e9dito o, al menos, abordar una arista no trabajada ya medi\u00e1ticamente.<br \/>\nDebe ser un tema cercano al entorno del estudiante, con f\u00e1cil acceso a fuentes de informaci\u00f3n.<br \/>\nTiene que ser un tema de inter\u00e9s para un grupo social definido.<\/p>\n<p><strong>Tareas una vez elegido el tema:<\/strong><br \/>\n\u2022 Buscar informaci\u00f3n necesaria que te d\u00e9 una s\u00f3lida retaguardia para trabajar el tema elegido.<br \/>\n\u2022 Planificar y realizar una entrevista a quien pueda aportar informaci\u00f3n sobre el tema.<br \/>\n\u2022 Planificar y redactar un texto informativo central, un texto informativo de apoyo y un texto argumentativo con un cuerpo de titulares para cada uno.<\/p>\n<p>Entregas parciales (Atenci\u00f3n con las fechas de entrega. En ning\u00fan caso se recibir\u00e1n entregas fuera de t\u00e9rmino):<br \/>\n\u2022 Presentaci\u00f3n y justificaci\u00f3n del tema. Planificaci\u00f3n de medio y audiencia de publicaci\u00f3n. Propuesta de entrevista. Fecha de entrega m\u00e1xima: <strong>27 de octubre<\/strong> (es la fecha tope, se recomienda enviar lo antes posible esta primera parte para poder avanzar en las entregas siguientes y ajustar lo que fuera necesario).<\/p>\n<p>\u2022 Entrevista en formato de pregunta \u2013 respuesta: Fecha de entrega m\u00e1xima: <strong>2 de noviembre<\/strong><\/p>\n<p>\u2022 Planificaci\u00f3n y borrador de la noticia y el texto de apoyo. Propuesta de t\u00edtulos. Extensi\u00f3n del texto central: 30 a 60 l\u00edneas. Extensi\u00f3n m\u00ednima del texto de apoyo: 15 l\u00edneas. Fecha de entrega m\u00e1xima: <strong>5 de noviembre<\/strong><\/p>\n<p>\u2022 Planificaci\u00f3n y borrador del texto argumentativo. Propuesta de t\u00edtulo. Extensi\u00f3n del texto argumentativo: 40 a 60 l\u00edneas. Texto definitivo de la noticia. Fecha de entrega m\u00e1xima: <strong>12 de noviembre<\/strong><\/p>\n<p>\u2022 <strong>Fecha de entrega final: 19 de noviembre<\/strong>. En esa oportunidad, deber\u00e1n entregar una carpeta con todas las entregas parciales ya revisadas por la docente y, paralelamente, enviar los mismos materiales por mail.<\/p>\n<p>Los textos deber\u00e1n estar impresos en hoja tama\u00f1o A4, fuente 12, interlineado doble, m\u00e1rgenes normales. El que lo desee puede agregar una propuesta de organizaci\u00f3n de los materiales en p\u00e1gina, adem\u00e1s de fotos, gr\u00e1ficos, estad\u00edsticas, diagramas, etc<\/p>\n<p><strong>Evaluaci\u00f3n del trabajo<\/strong><br \/>\nEn esta etapa final, los trabajos no se devolver\u00e1n para ser corregidos una vez finalizados, sino que llevaremos adelante un proceso de evaluaci\u00f3n continua. Es decir, que iremos monitoreando cada uno de los pasos que ustedes realicen para la construcci\u00f3n del trabajo pr\u00e1ctico final, en las entregas parciales detalladas arriba.<br \/>\nLas entregas y consultas son obligatorias. Aquel estudiante que no haya transitado estas instancias, no podr\u00e1 entregar su trabajo pr\u00e1ctico final.<\/p>\n<p><strong>Algunos ejemplos:<\/strong><br \/>\nA modo de referencia, pueden observar los trabajos finales que entregaron el a\u00f1o pasado las alumnas <a href=\"https:\/\/blogs.fcpolit.unr.edu.ar\/redaccion1-reviglio\/2013\/10\/10\/trabajo-final-de-camila-zenclussen\/\">Camila Zenclussen<\/a> y <a href=\"https:\/\/blogs.fcpolit.unr.edu.ar\/redaccion1-reviglio\/2013\/10\/10\/trabajo-final-de-macarena-jazmin-demartini\/\">Macarena Jazm\u00edn Demartini<\/a>.<\/p>\n","protected":false},"excerpt":{"rendered":"<p>Sobre fin de la cursada, deber\u00e1n entregar el 4to Trabajo Pr\u00e1ctico integrador de entrega obligatoria para regularizar la materia. Supone un trabajo de producci\u00f3n de textos extenso que requiere de mucha planificaci\u00f3n, tiempo y pasos a seguir. En primer lugar, cada uno de ustedes debe buscar un tema que le interese sobremanera para realizar una [&hellip;]<\/p>\n","protected":false},"author":17,"featured_media":0,"comment_status":"open","ping_status":"open","sticky":false,"template":"","format":"standard","meta":{"footnotes":""},"categories":[1],"tags":[],"_links":{"self":[{"href":"https:\/\/redaccion1.fcpolit.unr.edu.ar\/comision-reviglio\/wp-json\/wp\/v2\/posts\/557"}],"collection":[{"href":"https:\/\/redaccion1.fcpolit.unr.edu.ar\/comision-reviglio\/wp-json\/wp\/v2\/posts"}],"about":[{"href":"https:\/\/redaccion1.fcpolit.unr.edu.ar\/comision-reviglio\/wp-json\/wp\/v2\/types\/post"}],"author":[{"embeddable":true,"href":"https:\/\/redaccion1.fcpolit.unr.edu.ar\/comision-reviglio\/wp-json\/wp\/v2\/users\/17"}],"replies":[{"embeddable":true,"href":"https:\/\/redaccion1.fcpolit.unr.edu.ar\/comision-reviglio\/wp-json\/wp\/v2\/comments?post=557"}],"version-history":[{"count":0,"href":"https:\/\/redaccion1.fcpolit.unr.edu.ar\/comision-reviglio\/wp-json\/wp\/v2\/posts\/557\/revisions"}],"wp:attachment":[{"href":"https:\/\/redaccion1.fcpolit.unr.edu.ar\/comision-reviglio\/wp-json\/wp\/v2\/media?parent=557"}],"wp:term":[{"taxonomy":"category","embeddable":true,"href":"https:\/\/redaccion1.fcpolit.unr.edu.ar\/comision-reviglio\/wp-json\/wp\/v2\/categories?post=557"},{"taxonomy":"post_tag","embeddable":true,"href":"https:\/\/redaccion1.fcpolit.unr.edu.ar\/comision-reviglio\/wp-json\/wp\/v2\/tags?post=557"}],"curies":[{"name":"wp","href":"https:\/\/api.w.org\/{rel}","templated":true}]}}