{"id":547,"date":"2013-09-18T20:07:43","date_gmt":"2013-09-18T20:07:43","guid":{"rendered":"http:\/\/fcpolit.unr.edu.ar\/blogs\/redaccion1-reviglio\/?p=547"},"modified":"2013-09-18T20:07:43","modified_gmt":"2013-09-18T20:07:43","slug":"martes-24-de-septiembre-sin-clases","status":"publish","type":"post","link":"https:\/\/redaccion1.fcpolit.unr.edu.ar\/comision-reviglio\/2013\/09\/18\/martes-24-de-septiembre-sin-clases\/","title":{"rendered":"Martes 24 de septiembre, sin clases"},"content":{"rendered":"<p>La semana que viene no daremos clase en Redacci\u00f3n uno debido al receso por examen previsto en el calendario acad\u00e9mico de la facultad.<\/p>\n<p>El martes siguiente <strong>(1\/10)  a las 9 hs.<\/strong> se tomar\u00e1 el segundo parcial en el que se evaluar\u00e1n el \u00faltimo punto de la unidad uno (coherencia local), la unidad dos y la unidad cuatro completas. Para tener derecho al recuperatorio, deben asistir al parcial y responder una buena parte del mismo.<\/p>\n<p>En la semana publicaremos la lista de textos que entran en el parcial que, de todos modos, pueden recuperarla y construirla a partir de los res\u00famenes de clase.<\/p>\n<p>En la semana, tambi\u00e9n, publicaremos la consigna del Trabajo Pr\u00e1ctico N\u00b0 14.<\/p>\n<p>Cualquier consulta, la pueden realizar por correo electr\u00f3nico a la direcci\u00f3n ceciliareviglio@hotmail.com<\/p>\n","protected":false},"excerpt":{"rendered":"<p>La semana que viene no daremos clase en Redacci\u00f3n uno debido al receso por examen previsto en el calendario acad\u00e9mico de la facultad. El martes siguiente (1\/10) a las 9 hs. se tomar\u00e1 el segundo parcial en el que se evaluar\u00e1n el \u00faltimo punto de la unidad uno (coherencia local), la unidad dos y la [&hellip;]<\/p>\n","protected":false},"author":17,"featured_media":0,"comment_status":"open","ping_status":"open","sticky":false,"template":"","format":"standard","meta":{"footnotes":""},"categories":[1],"tags":[],"_links":{"self":[{"href":"https:\/\/redaccion1.fcpolit.unr.edu.ar\/comision-reviglio\/wp-json\/wp\/v2\/posts\/547"}],"collection":[{"href":"https:\/\/redaccion1.fcpolit.unr.edu.ar\/comision-reviglio\/wp-json\/wp\/v2\/posts"}],"about":[{"href":"https:\/\/redaccion1.fcpolit.unr.edu.ar\/comision-reviglio\/wp-json\/wp\/v2\/types\/post"}],"author":[{"embeddable":true,"href":"https:\/\/redaccion1.fcpolit.unr.edu.ar\/comision-reviglio\/wp-json\/wp\/v2\/users\/17"}],"replies":[{"embeddable":true,"href":"https:\/\/redaccion1.fcpolit.unr.edu.ar\/comision-reviglio\/wp-json\/wp\/v2\/comments?post=547"}],"version-history":[{"count":0,"href":"https:\/\/redaccion1.fcpolit.unr.edu.ar\/comision-reviglio\/wp-json\/wp\/v2\/posts\/547\/revisions"}],"wp:attachment":[{"href":"https:\/\/redaccion1.fcpolit.unr.edu.ar\/comision-reviglio\/wp-json\/wp\/v2\/media?parent=547"}],"wp:term":[{"taxonomy":"category","embeddable":true,"href":"https:\/\/redaccion1.fcpolit.unr.edu.ar\/comision-reviglio\/wp-json\/wp\/v2\/categories?post=547"},{"taxonomy":"post_tag","embeddable":true,"href":"https:\/\/redaccion1.fcpolit.unr.edu.ar\/comision-reviglio\/wp-json\/wp\/v2\/tags?post=547"}],"curies":[{"name":"wp","href":"https:\/\/api.w.org\/{rel}","templated":true}]}}