{"id":43,"date":"2006-08-22T17:13:05","date_gmt":"2006-08-22T17:13:05","guid":{"rendered":"http:\/\/fcpolit.unr.edu.ar\/blogs\/redaccion1-reviglio\/2006\/08\/22\/propuesta-para-lectores-curiosos\/"},"modified":"2006-08-22T17:13:05","modified_gmt":"2006-08-22T17:13:05","slug":"propuesta-para-lectores-curiosos","status":"publish","type":"post","link":"https:\/\/redaccion1.fcpolit.unr.edu.ar\/comision-reviglio\/2006\/08\/22\/propuesta-para-lectores-curiosos\/","title":{"rendered":"Propuesta para lectores curiosos"},"content":{"rendered":"<p><img loading=\"lazy\" decoding=\"async\" alt=\"libros5.jpg\" src=\"http:\/\/www.dialogica.com.ar\/unr\/redaccion1\/cecilia\/archivos\/libros5.jpg\" width=\"109\" height=\"111\" align=\"rigth\" hspace=\"10\" \/><br \/>\nChicos: Este jueves comienza la Feria del Libro en Rosario. A Jessica Castro se le ocurri\u00f3 que pod\u00edamos publicar en la p\u00e1gina el programa de actividades de la feria para el que quiera pegarse una vuelta y ver de qu\u00e9 se trata. Muchos escritores reconocidos est\u00e1n invitados y ofrecer\u00e1n conferencias y charlas.<br \/>\nSer\u00eda interesante que los que vayan se animen a publicar en formato de comentario a este post qu\u00e9 les pareci\u00f3 la feria, qu\u00e9 vieron, si asistieron a alguna de las conferencias programadas, etc.  Los invito a animarse a hacerlo, no porque esta actividad tenga una nota o sea de car\u00e1cter \u201ccurricular\u201d, sino por mera curiosidad, por ganas de saber de qu\u00e9 se trata, de participar de la feria y de la p\u00e1gina, de encontrarse con trabajadores de la palabra, la materia prima de nuestro trabajo.<br \/>\nA ver qui\u00e9n toma la posta&#8230;<br \/>\nAqu\u00ed est\u00e1 el link a la p\u00e1gina web que tiene toda la informaci\u00f3n sobre la Feria: <a href=\"http:\/\/www.feriadellibrorosario.com\/\">www.feriadellibrorosario.com<\/a><\/p>\n","protected":false},"excerpt":{"rendered":"<p>Chicos: Este jueves comienza la Feria del Libro en Rosario. A Jessica Castro se le ocurri\u00f3 que pod\u00edamos publicar en la p\u00e1gina el programa de actividades de la feria para el que quiera pegarse una vuelta y ver de qu\u00e9 se trata. Muchos escritores reconocidos est\u00e1n invitados y ofrecer\u00e1n conferencias y charlas. Ser\u00eda interesante que [&hellip;]<\/p>\n","protected":false},"author":27,"featured_media":0,"comment_status":"open","ping_status":"closed","sticky":false,"template":"","format":"standard","meta":{"footnotes":""},"categories":[20],"tags":[],"_links":{"self":[{"href":"https:\/\/redaccion1.fcpolit.unr.edu.ar\/comision-reviglio\/wp-json\/wp\/v2\/posts\/43"}],"collection":[{"href":"https:\/\/redaccion1.fcpolit.unr.edu.ar\/comision-reviglio\/wp-json\/wp\/v2\/posts"}],"about":[{"href":"https:\/\/redaccion1.fcpolit.unr.edu.ar\/comision-reviglio\/wp-json\/wp\/v2\/types\/post"}],"author":[{"embeddable":true,"href":"https:\/\/redaccion1.fcpolit.unr.edu.ar\/comision-reviglio\/wp-json\/wp\/v2\/users\/27"}],"replies":[{"embeddable":true,"href":"https:\/\/redaccion1.fcpolit.unr.edu.ar\/comision-reviglio\/wp-json\/wp\/v2\/comments?post=43"}],"version-history":[{"count":0,"href":"https:\/\/redaccion1.fcpolit.unr.edu.ar\/comision-reviglio\/wp-json\/wp\/v2\/posts\/43\/revisions"}],"wp:attachment":[{"href":"https:\/\/redaccion1.fcpolit.unr.edu.ar\/comision-reviglio\/wp-json\/wp\/v2\/media?parent=43"}],"wp:term":[{"taxonomy":"category","embeddable":true,"href":"https:\/\/redaccion1.fcpolit.unr.edu.ar\/comision-reviglio\/wp-json\/wp\/v2\/categories?post=43"},{"taxonomy":"post_tag","embeddable":true,"href":"https:\/\/redaccion1.fcpolit.unr.edu.ar\/comision-reviglio\/wp-json\/wp\/v2\/tags?post=43"}],"curies":[{"name":"wp","href":"https:\/\/api.w.org\/{rel}","templated":true}]}}