{"id":4045,"date":"2026-06-08T12:41:20","date_gmt":"2026-06-08T15:41:20","guid":{"rendered":"https:\/\/redaccion1.fcpolit.unr.edu.ar\/comision-reviglio\/?p=4045"},"modified":"2026-06-09T14:54:55","modified_gmt":"2026-06-09T17:54:55","slug":"resumen-de-la-clase-no8-del-5-de-junio","status":"publish","type":"post","link":"https:\/\/redaccion1.fcpolit.unr.edu.ar\/comision-reviglio\/2026\/06\/08\/resumen-de-la-clase-no8-del-5-de-junio\/","title":{"rendered":"Resumen de la clase n\u00ba8, del 5 de junio"},"content":{"rendered":"<p class=\"normal\" style=\"line-height: 150%\"><em><span style=\"font-size: 12.0pt;line-height: 150%\">Por Augusto Mac Laughlin<\/span><\/em><\/p>\n<p class=\"normal\" style=\"line-height: 150%\"><span style=\"font-size: 12.0pt;line-height: 150%\">\u00a0<\/span><span style=\"font-size: 12.0pt;line-height: 150%\">Tuvimos una clase completa en el aula 209. Fue nuestra tercera y \u00faltima clase sobre la unidad dos. Empezamos repasando y sacando dudas sobre el <a href=\"https:\/\/redaccion1.fcpolit.unr.edu.ar\/programa\/2020\/03\/08\/trabajo-practico-1-planificar-y-redactar\/\">TP Integrador 1<\/a> y luego dimos los 4 textos de la unidad. El primero fue el de <b>Jenkins<\/b> sobre la &#8220;<a href=\"https:\/\/drive.google.com\/file\/u\/1\/d\/18p5YDxmIwvafi8gBh4Lr5DwaiRP5vABX\/view?usp=sharing\">cultura de la convergencia<\/a>&#8220;, planteando c\u00f3mo el contenido fluye por diversas plataformas y c\u00f3mo el p\u00fablico pas\u00f3 de ser pasivo a exigir su derecho a participar. <\/span><!--more--><\/p>\n<p class=\"normal\" style=\"line-height: 150%\"><span style=\"font-size: 12.0pt;line-height: 150%\">\u00a0<\/span><span style=\"font-size: 12.0pt;line-height: 150%\">Despu\u00e9s, el texto de <b>Marro y Dellamea<\/b> explica que leer es un proceso s\u00faper activo donde construimos puentes entre nuestros conocimientos previos y la informaci\u00f3n nueva para armar el sentido de lo que leemos. Mientras tanto, <b>Pariser<\/b> nos advierte sobre <b>&#8220;<a href=\"https:\/\/drive.google.com\/file\/d\/15YIxNHP87nS6tszE59TyIFwsPMcntZ9u\/view\">el filtro burbuja<\/a>&#8220;<\/b>, ese aislamiento invisible provocado por los algoritmos que nos muestran solo lo que coincide con nuestros gustos y nos encierra en nuestra propia autopropaganda. Finalmente, <b>Jose van Dijck<\/b> analiza la <b>&#8220;<a href=\"https:\/\/drive.google.com\/file\/d\/1wGZaRlZxDouz2x61r8AqAggSeV3zQ4cz\/view\">cultura de la conectividad<\/a>&#8220;<\/b>, mostrando el paso de una internet participativa a un ecosistema de plataformas que codifican nuestra vida social para transformarla en un negocio millonario.<\/span><\/p>\n<p class=\"normal\" style=\"line-height: 150%\"><span style=\"font-size: 12.0pt;line-height: 150%\">\u00a0<\/span><span style=\"font-size: 12.0pt;line-height: 150%\">Despu\u00e9s de alrededor de 1 hora y media de teor\u00eda, la profe ceci nos pregunt\u00f3 sobre nuestras fuentes: \u00bfd\u00f3nde elegimos informarnos y porque?<\/span><\/p>\n<p class=\"normal\" style=\"line-height: 150%\"><span style=\"font-size: 12.0pt;line-height: 150%\">\u00a0<\/span><span style=\"font-size: 12.0pt;line-height: 150%\">Posteriormente la profe Ceci se hizo cargo de la hora del<a href=\"https:\/\/redaccion1.fcpolit.unr.edu.ar\/comision-reviglio\/2026\/06\/08\/regalo-textual-no-8-el-poema-de-los-dones\/\"> <b>regalo textual <\/b><\/a>deleit\u00e1ndonos con Borges. La profe tambi\u00e9n nos aconsej\u00f3 y nos incit\u00f3 a leer &#8220;Esa mujer&#8221; de Rodolfo Walsh o, en todo caso, &#8220;Ese hombre&#8221;.<\/span><\/p>\n<p class=\"normal\" style=\"line-height: 150%\"><span style=\"font-size: 12.0pt;line-height: 150%\">\u00a0<\/span><span style=\"font-size: 12.0pt;line-height: 150%\">Para finalizar, hicimos un divertido reconocimiento de las <a href=\"https:\/\/drive.google.com\/file\/d\/1fq23psOcnYlfPRRWrLovcMssnIab-oMO\/view\"><b>tareas b\u00e1sicas de comprensi\u00f3n de textos<\/b> <\/a>en un ejemplo dado sobre <a href=\"https:\/\/www.rosario3.com\/informaciongeneral\/marcha-ni-una-menos-en-rosario-el-mapa-de-cortes-y-desvios-para-este-miercoles-20260602-0065.html\">una nota<\/a> sobre la marcha del 3 de junio del movimiento Ni una menos y el femicidio de Agostina Vega.<\/span><\/p>\n<p class=\"normal\" style=\"line-height: 150%\"><span style=\"font-size: 12.0pt;line-height: 150%\">\u00a0<\/span><strong><span style=\"font-size: 12.0pt;line-height: 150%\">Lecturas para la clase pr\u00f3xima:<\/span><\/strong><\/p>\n<p>Texto articulador Unidad 3: <a href=\"https:\/\/redaccion1.fcpolit.unr.edu.ar\/programa\/2020\/05\/20\/unidad-3-los-textos-y-sus-significados\/\">Los textos y sus significados<\/a><\/p>\n<p><a href=\"https:\/\/drive.google.com\/file\/d\/1UWaT7SooYoGCN98uA2ET4LSF-l72kufH\/view\">Entrada \u201cTexto\u201d<\/a> del Diccionario de t\u00e9rminos ELE<\/p>\n<p><a href=\"https:\/\/drive.google.com\/file\/d\/1Jd8w-bNVu870lT9a7fdEhSyY2u44SA4a\/view\">Nociones b\u00e1sicas<\/a>, de De Beaugrande y Dressler (1981).<\/p>\n<p>&nbsp;<\/p>\n<p><strong>Tres notas al pie de la profesora:<\/strong><\/p>\n<p>Planteamos el TP Integrador N\u00ba 2.\u00a0<a href=\"https:\/\/redaccion1.fcpolit.unr.edu.ar\/comision-reviglio\/2026\/06\/08\/trabajo-practico-integrador-no2\/\">Trabajo Pr\u00e1ctico integrador N\u00ba2: consigna y fecha de entrega, ac\u00e1<\/a>.<\/p>\n<p>Por otro lado, sobre el resumen de los contenidos trabajados, quer\u00eda recordar que comenzamos la clase con los planteos de Van Dijk y, en ese marco, abordamos el texto de Jenkins. Luego, trabajamos sobre la idea de filtro burbuja (Parisier) y, finalmente, fuimos a los factores de comprensi\u00f3n y las tareas de lectores (Marro y Dellamea)<\/p>\n<p>Finalmente, sugerimos la lectura de los cuentos <a href=\"https:\/\/redaccion1.fcpolit.unr.edu.ar\/programa\/2019\/06\/10\/un-cuento-de-rodolfo-walsh-esa-mujer\/\">Esa mujer<\/a> o <a href=\"https:\/\/ciudadseva.com\/texto\/ese-hombre\/\">Ese hombre<\/a>, ambos de Rodoldo Walsh para discutir en clase qui\u00e9n es la mujer y qui\u00e9n el hombre&#8230;<\/p>\n","protected":false},"excerpt":{"rendered":"<p>Por Augusto Mac Laughlin \u00a0Tuvimos una clase completa en el aula 209. Fue nuestra tercera y \u00faltima clase sobre la unidad dos. Empezamos repasando y sacando dudas sobre el TP Integrador 1 y luego dimos los 4 textos de la unidad. El primero fue el de Jenkins sobre la &#8220;cultura de la convergencia&#8220;, planteando c\u00f3mo [&hellip;]<\/p>\n","protected":false},"author":45,"featured_media":0,"comment_status":"closed","ping_status":"open","sticky":false,"template":"","format":"standard","meta":{"footnotes":""},"categories":[58,18,32],"tags":[],"_links":{"self":[{"href":"https:\/\/redaccion1.fcpolit.unr.edu.ar\/comision-reviglio\/wp-json\/wp\/v2\/posts\/4045"}],"collection":[{"href":"https:\/\/redaccion1.fcpolit.unr.edu.ar\/comision-reviglio\/wp-json\/wp\/v2\/posts"}],"about":[{"href":"https:\/\/redaccion1.fcpolit.unr.edu.ar\/comision-reviglio\/wp-json\/wp\/v2\/types\/post"}],"author":[{"embeddable":true,"href":"https:\/\/redaccion1.fcpolit.unr.edu.ar\/comision-reviglio\/wp-json\/wp\/v2\/users\/45"}],"replies":[{"embeddable":true,"href":"https:\/\/redaccion1.fcpolit.unr.edu.ar\/comision-reviglio\/wp-json\/wp\/v2\/comments?post=4045"}],"version-history":[{"count":3,"href":"https:\/\/redaccion1.fcpolit.unr.edu.ar\/comision-reviglio\/wp-json\/wp\/v2\/posts\/4045\/revisions"}],"predecessor-version":[{"id":4051,"href":"https:\/\/redaccion1.fcpolit.unr.edu.ar\/comision-reviglio\/wp-json\/wp\/v2\/posts\/4045\/revisions\/4051"}],"wp:attachment":[{"href":"https:\/\/redaccion1.fcpolit.unr.edu.ar\/comision-reviglio\/wp-json\/wp\/v2\/media?parent=4045"}],"wp:term":[{"taxonomy":"category","embeddable":true,"href":"https:\/\/redaccion1.fcpolit.unr.edu.ar\/comision-reviglio\/wp-json\/wp\/v2\/categories?post=4045"},{"taxonomy":"post_tag","embeddable":true,"href":"https:\/\/redaccion1.fcpolit.unr.edu.ar\/comision-reviglio\/wp-json\/wp\/v2\/tags?post=4045"}],"curies":[{"name":"wp","href":"https:\/\/api.w.org\/{rel}","templated":true}]}}