{"id":3706,"date":"2024-09-25T10:38:32","date_gmt":"2024-09-25T13:38:32","guid":{"rendered":"https:\/\/redaccion1.fcpolit.unr.edu.ar\/comision-reviglio\/?p=3706"},"modified":"2024-09-25T12:33:50","modified_gmt":"2024-09-25T15:33:50","slug":"regalo-textual-no-13","status":"publish","type":"post","link":"https:\/\/redaccion1.fcpolit.unr.edu.ar\/comision-reviglio\/2024\/09\/25\/regalo-textual-no-13\/","title":{"rendered":"Regalo textual N\u00ba 13"},"content":{"rendered":"<p>Esta vez, el regalo fue de Renata y comparti\u00f3 un texto que pertenece a un g\u00e9nero y un estilo que hemos compartido poco en este espacio. As\u00ed que, \u00a1bienvenida la diversidad!<!--more--><\/p>\n<p><strong>Las pol\u00edticas p\u00fablicas, siempre<\/strong><\/p>\n<p>Hay tanta pol\u00edtica buena como de la otra, as\u00ed como tambi\u00e9n negocios con los mismos matices. M\u00e1s que incrementar la desconfianza y la sospecha en las instituciones, se debe trabajar para fortalecerlas. Para el bienestar de la sociedad es fundamental que empresas, gobiernos y organizaciones de la sociedad civil se comprometan con el bien com\u00fan.<br \/>\nEsto requiere impulsar nuevos modelos de gobernanza y dise\u00f1ar las pol\u00edticas que se requieren para alinear los esfuerzos de todos los actores en el territorio. En ese contexto, ayuda evitar el discurso demag\u00f3gico que sostiene que todo lo que uno hace est\u00e1 fant\u00e1stico y se\u00f1alar a los otros como responsables exclusivos de todos los avatares. Nadie puede creer sinceramente que act\u00faa sobre una base \u00e9tica y que aporta valor en todo lo que hace, sea cual fuere el tipo de instituci\u00f3n que represente.<br \/>\nLa confianza en la mayor\u00eda de las entidades es escasa.<br \/>\nEs necesario adoptar una postura de &#8220;humildad epistemol\u00f3gica&#8221;, como menciona el profesor de filosofia pr\u00e1ctica sueco-estadounidense Erik Angner en su ensayo How economics can save the world, reconociendo que estar equivocado o ser incapaz no tiene por qu\u00e9 ser inherentemen-te malo. Sin embargo, estar equivocado, ser incapaz y tener un exceso de confianza puede ser mortal. Hay que reconocer estos desaf\u00edos y trabajar para reconstruir la confianza en las instituciones.<br \/>\nSe reitera, solo el 15% de la poblaci\u00f3n conf\u00eda en el congreso, apenas el 17% cree en la justicia y solamente el 20% en el gobierno nacional. Las ONG (con el 39%), las grandes empresas nacionales (con el 40%) y las multinacionales (con el 42%) tampoco cuentan con altos niveles de confianza. El escenario de fragmentaci\u00f3n en el que est\u00e1 inserta la sociedad vuelve m\u00e1s evidente el cambio que se debe hacer.<br \/>\nY las instituciones siguen teniendo un rol irremplazable.<br \/>\nTanto en el plano global como en el local, es menester tirar todos para el mismo lado y, adem\u00e1s, hacerlo en simult\u00e1neo.<br \/>\nEs el momento oportuno de achicar la brecha de financiaci\u00f3n del desarrollo y, por qu\u00e9 no, de disminuir la brecha pol\u00edtica y de confianza. Es hora de estructurar los medios que favorezcan el mejor encuentro de empresas, socieda civil y gobiernos en cada territorio. De alinear los intereses de dichos actores hacia un desenvolvimiento virtuoso que<br \/>\nincluya a todos.<\/p>\n<p><img loading=\"lazy\" decoding=\"async\" class=\"alignleft size-medium wp-image-3707\" src=\"http:\/\/redaccion1.fcpolit.unr.edu.ar\/comision-reviglio\/wp-content\/uploads\/sites\/3\/2024\/09\/WhatsApp-Image-2024-09-23-at-13.11.33-1-225x300.jpeg\" alt=\"\" width=\"225\" height=\"300\" srcset=\"https:\/\/redaccion1.fcpolit.unr.edu.ar\/comision-reviglio\/wp-content\/uploads\/sites\/3\/2024\/09\/WhatsApp-Image-2024-09-23-at-13.11.33-1-225x300.jpeg 225w, https:\/\/redaccion1.fcpolit.unr.edu.ar\/comision-reviglio\/wp-content\/uploads\/sites\/3\/2024\/09\/WhatsApp-Image-2024-09-23-at-13.11.33-1-768x1024.jpeg 768w, https:\/\/redaccion1.fcpolit.unr.edu.ar\/comision-reviglio\/wp-content\/uploads\/sites\/3\/2024\/09\/WhatsApp-Image-2024-09-23-at-13.11.33-1-1152x1536.jpeg 1152w, https:\/\/redaccion1.fcpolit.unr.edu.ar\/comision-reviglio\/wp-content\/uploads\/sites\/3\/2024\/09\/WhatsApp-Image-2024-09-23-at-13.11.33-1.jpeg 1200w\" sizes=\"(max-width: 225px) 100vw, 225px\" \/><\/p>\n","protected":false},"excerpt":{"rendered":"<p>Esta vez, el regalo fue de Renata y comparti\u00f3 un texto que pertenece a un g\u00e9nero y un estilo que hemos compartido poco en este espacio. As\u00ed que, \u00a1bienvenida la diversidad!<\/p>\n","protected":false},"author":45,"featured_media":0,"comment_status":"closed","ping_status":"open","sticky":false,"template":"","format":"standard","meta":{"footnotes":""},"categories":[55,29],"tags":[],"_links":{"self":[{"href":"https:\/\/redaccion1.fcpolit.unr.edu.ar\/comision-reviglio\/wp-json\/wp\/v2\/posts\/3706"}],"collection":[{"href":"https:\/\/redaccion1.fcpolit.unr.edu.ar\/comision-reviglio\/wp-json\/wp\/v2\/posts"}],"about":[{"href":"https:\/\/redaccion1.fcpolit.unr.edu.ar\/comision-reviglio\/wp-json\/wp\/v2\/types\/post"}],"author":[{"embeddable":true,"href":"https:\/\/redaccion1.fcpolit.unr.edu.ar\/comision-reviglio\/wp-json\/wp\/v2\/users\/45"}],"replies":[{"embeddable":true,"href":"https:\/\/redaccion1.fcpolit.unr.edu.ar\/comision-reviglio\/wp-json\/wp\/v2\/comments?post=3706"}],"version-history":[{"count":2,"href":"https:\/\/redaccion1.fcpolit.unr.edu.ar\/comision-reviglio\/wp-json\/wp\/v2\/posts\/3706\/revisions"}],"predecessor-version":[{"id":3711,"href":"https:\/\/redaccion1.fcpolit.unr.edu.ar\/comision-reviglio\/wp-json\/wp\/v2\/posts\/3706\/revisions\/3711"}],"wp:attachment":[{"href":"https:\/\/redaccion1.fcpolit.unr.edu.ar\/comision-reviglio\/wp-json\/wp\/v2\/media?parent=3706"}],"wp:term":[{"taxonomy":"category","embeddable":true,"href":"https:\/\/redaccion1.fcpolit.unr.edu.ar\/comision-reviglio\/wp-json\/wp\/v2\/categories?post=3706"},{"taxonomy":"post_tag","embeddable":true,"href":"https:\/\/redaccion1.fcpolit.unr.edu.ar\/comision-reviglio\/wp-json\/wp\/v2\/tags?post=3706"}],"curies":[{"name":"wp","href":"https:\/\/api.w.org\/{rel}","templated":true}]}}