{"id":3696,"date":"2024-09-18T08:50:10","date_gmt":"2024-09-18T11:50:10","guid":{"rendered":"https:\/\/redaccion1.fcpolit.unr.edu.ar\/comision-reviglio\/?p=3696"},"modified":"2024-09-18T08:50:35","modified_gmt":"2024-09-18T11:50:35","slug":"regalo-textual-no-12","status":"publish","type":"post","link":"https:\/\/redaccion1.fcpolit.unr.edu.ar\/comision-reviglio\/2024\/09\/18\/regalo-textual-no-12\/","title":{"rendered":"Regalo textual N\u00ba 12"},"content":{"rendered":"<p><img loading=\"lazy\" decoding=\"async\" class=\"alignleft size-full wp-image-3697\" src=\"http:\/\/redaccion1.fcpolit.unr.edu.ar\/comision-reviglio\/wp-content\/uploads\/sites\/3\/2024\/09\/CA.jpg\" alt=\"\" width=\"275\" height=\"244\" \/><\/p>\n<p>Esta semana, compartimos un texto de la periodista Cecilia Absatz, publicado en su <em>newsletter<\/em>, <em>Viejo Smoking<\/em>.<\/p>\n<p><!--more--><\/p>\n<p><strong>Aplastada por la pereza <\/strong>(fragmento), en <em>Viejo Smoking<\/em>, <em>Newsletter<\/em> de Cecilia Absatz<em>\u00a0 (<\/em>Edici\u00f3n del domingo 19\/3\/23)<\/p>\n<p>Puedo estar, como todos, destruida por el calor; algo deprimida si se quiere por esto o aquello que no viene al caso; aplastada por la pereza. Pero si logro sentarme a la m\u00e1quina, en pocos minutos no digo que me voy a sentir feliz de inmediato pero tampoco voy a recordar nada del malestar anterior. Pasa, con la escritura, que no se trata solo de encontrar una bella historia, una idea atractiva, una prosa elegante. Hay mucho m\u00e1s. M\u00e1s interesante y m\u00e1s dif\u00edcil. Es la investigaci\u00f3n. No me refiero a investigar un hecho hist\u00f3rico o el funcionamiento de una mol\u00e9cula o la estad\u00edstica de un fen\u00f3meno social. Se trata de investigar lo que pasa dentro de tu cabeza. Porque lo que pasa dentro de tu cabeza suele ser m\u00e1s bien una sensaci\u00f3n, una especie de nube que se siente en el est\u00f3mago o que ronda difusa en torno de tu mente. Es algo crucial para tu pensamiento pero no est\u00e1 del todo claro qu\u00e9 es. Sin embargo es preciso ponerlo en palabras.\u00a0<em>Esa<\/em>\u00a0es la investigaci\u00f3n. Para ponerlo en palabras es necesario entrar en esa nube y desentra\u00f1arla, no es f\u00e1cil. Porque es vaga y ambigua, porque hay algo ah\u00ed que en \u00faltima instancia tiene que ver con la verdad. Es decir, encontrar la verdad. Una verdad interior, no la clave de un tratado filos\u00f3fico.<\/p>\n<p>A esa verdad se refiere Proust al final de su obra, en el \u00faltimo tomo, cuando ense\u00f1a a escribir y dice que de eso se trata la literatura. Es una verdad que por lo general no lo deja a uno bien parado y por eso es tan dif\u00edcil de reconocer. Albertina no era simp\u00e1tica; \u00e9l estaba enamorado de ella, que no es lo mismo. Aun cuando no se trate de escribir literatura, cuando hablamos sencillamente del acto de escribir, desde una novela fabulosa hasta la lista de compras para el mercado (como una que le\u00ed, deslumbrante, de Silvina Ocampo) ya sea un cuaderno personal para conversar con uno mismo o llorar en privado, hay un trabajo en la escritura que va m\u00e1s all\u00e1 de articular sujeto, verbo y predicado. En todo caso se trata de descubrir qui\u00e9n de veras es el sujeto, cu\u00e1l es el verbo que le cabe y en qu\u00e9 predicamento se encuentra.<\/p>\n<p>&nbsp;<\/p>\n<p>&nbsp;<\/p>\n","protected":false},"excerpt":{"rendered":"<p>Esta semana, compartimos un texto de la periodista Cecilia Absatz, publicado en su newsletter, Viejo Smoking.<\/p>\n","protected":false},"author":45,"featured_media":0,"comment_status":"closed","ping_status":"open","sticky":false,"template":"","format":"standard","meta":{"footnotes":""},"categories":[55,29],"tags":[],"_links":{"self":[{"href":"https:\/\/redaccion1.fcpolit.unr.edu.ar\/comision-reviglio\/wp-json\/wp\/v2\/posts\/3696"}],"collection":[{"href":"https:\/\/redaccion1.fcpolit.unr.edu.ar\/comision-reviglio\/wp-json\/wp\/v2\/posts"}],"about":[{"href":"https:\/\/redaccion1.fcpolit.unr.edu.ar\/comision-reviglio\/wp-json\/wp\/v2\/types\/post"}],"author":[{"embeddable":true,"href":"https:\/\/redaccion1.fcpolit.unr.edu.ar\/comision-reviglio\/wp-json\/wp\/v2\/users\/45"}],"replies":[{"embeddable":true,"href":"https:\/\/redaccion1.fcpolit.unr.edu.ar\/comision-reviglio\/wp-json\/wp\/v2\/comments?post=3696"}],"version-history":[{"count":1,"href":"https:\/\/redaccion1.fcpolit.unr.edu.ar\/comision-reviglio\/wp-json\/wp\/v2\/posts\/3696\/revisions"}],"predecessor-version":[{"id":3699,"href":"https:\/\/redaccion1.fcpolit.unr.edu.ar\/comision-reviglio\/wp-json\/wp\/v2\/posts\/3696\/revisions\/3699"}],"wp:attachment":[{"href":"https:\/\/redaccion1.fcpolit.unr.edu.ar\/comision-reviglio\/wp-json\/wp\/v2\/media?parent=3696"}],"wp:term":[{"taxonomy":"category","embeddable":true,"href":"https:\/\/redaccion1.fcpolit.unr.edu.ar\/comision-reviglio\/wp-json\/wp\/v2\/categories?post=3696"},{"taxonomy":"post_tag","embeddable":true,"href":"https:\/\/redaccion1.fcpolit.unr.edu.ar\/comision-reviglio\/wp-json\/wp\/v2\/tags?post=3696"}],"curies":[{"name":"wp","href":"https:\/\/api.w.org\/{rel}","templated":true}]}}