{"id":366,"date":"2011-11-21T17:45:10","date_gmt":"2011-11-21T17:45:10","guid":{"rendered":"http:\/\/fcpolit.unr.edu.ar\/blogs\/redaccion1-reviglio\/2011\/11\/21\/redaccion-se-evalua-segunda-edicion\/"},"modified":"2011-11-21T17:45:10","modified_gmt":"2011-11-21T17:45:10","slug":"redaccion-se-evalua-segunda-edicion","status":"publish","type":"post","link":"https:\/\/redaccion1.fcpolit.unr.edu.ar\/comision-reviglio\/2011\/11\/21\/redaccion-se-evalua-segunda-edicion\/","title":{"rendered":"Redacci\u00f3n se eval\u00faa: segunda edici\u00f3n"},"content":{"rendered":"<p>El a\u00f1o pasado, junto a Daniela y a Franco, les propusimos a los alumnos una actividad que nos sirvi\u00f3 para pensar las clases de este a\u00f1o, intentar mejorar algunas cosas y seguir pensando sobre el oficio de ense\u00f1ar y, sobre todo, el oficio de ense\u00f1ar a escribir y de aprender a escribir, aprendizaje cont\u00ednuo, de ustedes y nuestro.<br \/>\nEste a\u00f1o queremos replicar esa experiencia tambi\u00e9n junto a Alejandro quien se ha sumando generosamente al trabajo en la comisi\u00f3n desde el inicio, aportando una mirada fresca sobre la materia, la cursada, la facultad, desde los ojos de un estudiante que hace poquito dej\u00f3 de ser ingresante.<\/p>\n<p><!--more--><br \/>\nPor eso, los cuatro queremos pedirles que se tomen un ratito, le den una mirada a <a href=\"http:\/\/www.bdp.org.ar\/facultad\/catedras\/comsoc\/redaccion1\/reviglio\/2010\/11\/redaccion_se_evalua.php\">estas consignas<\/a> y las respondan.<br \/>\nEsperamos ansiosos vuestros textos.<\/p>\n","protected":false},"excerpt":{"rendered":"<p>El a\u00f1o pasado, junto a Daniela y a Franco, les propusimos a los alumnos una actividad que nos sirvi\u00f3 para pensar las clases de este a\u00f1o, intentar mejorar algunas cosas y seguir pensando sobre el oficio de ense\u00f1ar y, sobre todo, el oficio de ense\u00f1ar a escribir y de aprender a escribir, aprendizaje cont\u00ednuo, de [&hellip;]<\/p>\n","protected":false},"author":27,"featured_media":0,"comment_status":"open","ping_status":"closed","sticky":false,"template":"","format":"standard","meta":{"footnotes":""},"categories":[20],"tags":[],"_links":{"self":[{"href":"https:\/\/redaccion1.fcpolit.unr.edu.ar\/comision-reviglio\/wp-json\/wp\/v2\/posts\/366"}],"collection":[{"href":"https:\/\/redaccion1.fcpolit.unr.edu.ar\/comision-reviglio\/wp-json\/wp\/v2\/posts"}],"about":[{"href":"https:\/\/redaccion1.fcpolit.unr.edu.ar\/comision-reviglio\/wp-json\/wp\/v2\/types\/post"}],"author":[{"embeddable":true,"href":"https:\/\/redaccion1.fcpolit.unr.edu.ar\/comision-reviglio\/wp-json\/wp\/v2\/users\/27"}],"replies":[{"embeddable":true,"href":"https:\/\/redaccion1.fcpolit.unr.edu.ar\/comision-reviglio\/wp-json\/wp\/v2\/comments?post=366"}],"version-history":[{"count":0,"href":"https:\/\/redaccion1.fcpolit.unr.edu.ar\/comision-reviglio\/wp-json\/wp\/v2\/posts\/366\/revisions"}],"wp:attachment":[{"href":"https:\/\/redaccion1.fcpolit.unr.edu.ar\/comision-reviglio\/wp-json\/wp\/v2\/media?parent=366"}],"wp:term":[{"taxonomy":"category","embeddable":true,"href":"https:\/\/redaccion1.fcpolit.unr.edu.ar\/comision-reviglio\/wp-json\/wp\/v2\/categories?post=366"},{"taxonomy":"post_tag","embeddable":true,"href":"https:\/\/redaccion1.fcpolit.unr.edu.ar\/comision-reviglio\/wp-json\/wp\/v2\/tags?post=366"}],"curies":[{"name":"wp","href":"https:\/\/api.w.org\/{rel}","templated":true}]}}