{"id":3630,"date":"2024-06-10T12:17:05","date_gmt":"2024-06-10T15:17:05","guid":{"rendered":"https:\/\/redaccion1.fcpolit.unr.edu.ar\/comision-reviglio\/?p=3630"},"modified":"2024-06-10T12:17:05","modified_gmt":"2024-06-10T15:17:05","slug":"regalo-textual-de-yapa-el-periodismo-nos-elige-y-tambien-nos-convierte-en-el-blanco","status":"publish","type":"post","link":"https:\/\/redaccion1.fcpolit.unr.edu.ar\/comision-reviglio\/2024\/06\/10\/regalo-textual-de-yapa-el-periodismo-nos-elige-y-tambien-nos-convierte-en-el-blanco\/","title":{"rendered":"Regalo textual (de yapa): El periodismo nos elige (y tambi\u00e9n nos convierte en el blanco)"},"content":{"rendered":"<p>Esta semana, no tendremos clase nuevamente por un paro nacional universitario.<\/p>\n<p>Como el viernes pasado se celebr\u00f3 en Argentina el d\u00eda del periodista, les regalo el texto que la periodista Victoria De Masi public\u00f3 esa semana en su newsletter <em>Gracias por venir<\/em>:<!--more--><\/p>\n<h1 class=\"title\">El periodismo nos elige (y tambi\u00e9n nos convierte en el blanco)<\/h1>\n<h2><em>En la Semana del Periodista: algo que quer\u00eda escribir; algo que ten\u00eda que escribir.<\/em><\/h2>\n<p><img loading=\"lazy\" decoding=\"async\" class=\"alignleft size-medium wp-image-3631\" src=\"http:\/\/redaccion1.fcpolit.unr.edu.ar\/comision-reviglio\/wp-content\/uploads\/sites\/3\/2024\/06\/De-Masi4-300x300.jpg\" alt=\"\" width=\"300\" height=\"300\" srcset=\"https:\/\/redaccion1.fcpolit.unr.edu.ar\/comision-reviglio\/wp-content\/uploads\/sites\/3\/2024\/06\/De-Masi4-300x300.jpg 300w, https:\/\/redaccion1.fcpolit.unr.edu.ar\/comision-reviglio\/wp-content\/uploads\/sites\/3\/2024\/06\/De-Masi4-150x150.jpg 150w, https:\/\/redaccion1.fcpolit.unr.edu.ar\/comision-reviglio\/wp-content\/uploads\/sites\/3\/2024\/06\/De-Masi4.jpg 400w\" sizes=\"(max-width: 300px) 100vw, 300px\" \/><\/p>\n<p><em>Por Victoria De Masi<\/em><\/p>\n<p class=\"article-text\"><em>(&#8230;)<\/em><\/p>\n<p class=\"article-text\"><em>Distr\u00e1ete del vocabulario solemne, ya hinchado\/<\/em><\/p>\n<p class=\"article-text\"><em>apunta al borde, costea\/<\/em><\/p>\n<p class=\"article-text\"><em>el lanzador de cuchillos acierta desde lejos\/<\/em><\/p>\n<p class=\"article-text\"><em>error es alcanzar el blanco; virtud es fallarlo.<\/em><\/p>\n<p class=\"article-text\">Un fragmento de \u201cConsejo\u201d, poema de Erri De Luca.<\/p>\n<h3 class=\"article-text\">Lo que quer\u00eda escribir: el oficio que me elige<\/h3>\n<p class=\"article-text\">Si no hubiese sido por un avi\u00f3n de la l\u00ednea\u00a0<em>Sol\u00a0<\/em>que cay\u00f3 de madrugada, en pleno vuelo y con 22 pasajeros a bordo, jam\u00e1s hubiese conocido\u00a0<strong>Los Menucos<\/strong>. Era mayo de 2011, trece a\u00f1os atr\u00e1s, y yo, que s\u00e9 c\u00f3mo huele el invierno, todav\u00eda recuerdo el fr\u00edo, la luna nueva y naranja que se levant\u00f3 la tarde en que llegu\u00e9. Y recuerdo, tambi\u00e9n, a la mujer que me contaba, con detalle y mientras calentaba un jarrito con leche, c\u00f3mo fue que encontr\u00f3, en la zona del incidente,\u00a0<strong>un brazo envuelto en un cintur\u00f3n de seguridad<\/strong>. Un brazo, la mano, la hebilla del cintur\u00f3n, la cinta del cintur\u00f3n que es gruesa, que -qu\u00e9 absurdo- te aferra a la vida.<\/p>\n<p class=\"article-text\"><em>Clar\u00edn<\/em>\u00a0me hab\u00eda enviado a cubrir la ca\u00edda del avi\u00f3n a esa peque\u00f1a localidad ubicada en el centro de la provincia de R\u00edo Negro. Llegu\u00e9 al d\u00eda siguiente del impacto. No pude dormir la primera noche. Por los sollozos, los suspiros y los gritos. Ninguno era m\u00edo. Eran de los familiares de las v\u00edctimas, que iban llegando de a poco a tratar de entender qu\u00e9 hab\u00eda pasado. No hab\u00eda d\u00f3nde alojarse y terminamos todos en el gimnasio del pueblo.<strong>\u00a0\u00bfQu\u00e9 habr\u00e1 sido del Padre Ricardo?<\/strong>\u00a0El cura de Los Menucos bendijo la mancha negra que dej\u00f3 el fuselaje y ning\u00fan cuerpo. La explosi\u00f3n se hab\u00eda llevado todo.<\/p>\n<p class=\"article-text\">Si no hubiese sido por ese avi\u00f3n que se desplom\u00f3 sobre un cerro, que cay\u00f3 al mundo encendido y de golpe como quien arroja un f\u00f3sforo, nunca me hubiera enterado de que \u201cmenuco\u201d en lengua mapuche significa\u00a0<strong>\u201cagua que tiembla\u201d.<\/strong>\u00a0Nunca antes de esas guardias en medio de la estepa, hab\u00eda visto c\u00f3mo mareaban un cordero para degollarlo. El filo en la yugular. El balido, el borbot\u00f3n de sangre. Y despu\u00e9s, el silencio.<\/p>\n<p class=\"article-text\"><strong>A los pueblos orilleros no les asusta el agua<\/strong>. Lo supe en julio de 2013 cuando se inund\u00f3 buena parte del Litoral por una crecida del r\u00edo Paran\u00e1. En Itat\u00ed y Seminario, dos localidades ubicadas al norte de la provincia de Corrientes, la crecida hab\u00eda mordido 70 metros de costa. Con la tierra arcillosa del r\u00edo, aserr\u00edn y c\u00e1scara de arroz o bosta se arma la mezcla que termina en ladrillos. Con un mall\u00f3n echado al r\u00edo se encierra a los surub\u00edes.\u00a0<strong>Un ladrillo para la casa. Un pescado para la cena.<\/strong>\u00a0Ambos oficios requieren paciencia. Una ma\u00f1ana,\u00a0en la orilla del Paran\u00e1 habl\u00e9 con ladrilleros y con pescadores. Supe que, como con la escritura, no hay atajos para la artesan\u00eda. Hay que esperar.<\/p>\n<p class=\"article-text\">Una vez sostuve una cobertura de cuatro d\u00edas con un volc\u00e1n que nunca entr\u00f3 en erupci\u00f3n: la nota m\u00e1s dif\u00edcil de mi vida.<\/p>\n<p class=\"article-text\">Un lunes volv\u00ed de R\u00edo de Janeiro. Ven\u00eda de tres d\u00edas cubriendo el carnaval. Al d\u00eda siguiente, martes, amanec\u00ed en Comodoro Rivadavia porque un alud se hab\u00eda llevado puesta a la ciudad. Cinco muertos, animales y heladeras petrificados en lodo.<\/p>\n<p class=\"article-text\">Una vez escrib\u00ed enojada y todav\u00eda me castigo. Otra vez reescrib\u00ed un texto hasta matarlo: al final el texto se qued\u00f3 sin decir. Me equivoqu\u00e9 varias veces, compr\u00e9 buzones.\u00a0<strong>Aprend\u00ed a perder porque entre otras cosas el periodismo me ense\u00f1\u00f3 que siempre da revancha.<\/strong>\u00a0Tenemos que hablar m\u00e1s de los fracasos.<\/p>\n<p class=\"article-text\">Cerr\u00e9 notas en estaciones de servicio, sentada en el cord\u00f3n de una vereda (me qued\u00e9 sin datos y rob\u00e9 wifi), en el restor\u00e1n de un casino, en habitaciones de unas cuantas buenas estrellas, en pensiones, en pasillos, en una parroquia, en una banquina, en un micro. Dormida, sin dormir.\u00a0<strong>No hay \u00e9pica ac\u00e1. Ni sobres.<\/strong>\u00a0Lo que hay es una necesidad imperiosa de entender el mundo que habito.<\/p>\n<p class=\"article-text\">Hay d\u00edas para escribir. Hay d\u00edas para desgrabar. Hay d\u00edas para juntar informaci\u00f3n. Hay d\u00edas para entrevistar. D\u00edas para leer. Hay d\u00edas para no hacer absolutamente nada y d\u00edas para ser otra cosa.\u00a0<strong>Renuevo los votos con mi trabajo bastante seguido.<\/strong>\u00a0Pero sigue siendo el oficio que elijo y el que me elige. Me ense\u00f1a cosas, cosas y nombres y personas. Me ofrece experiencias que se vuelven recuerdos. Recuerdos c\u00f3mo estos que llevo conmigo y que aparecen como nubes en d\u00edas demasiado dorados. Vienen as\u00ed, como llega el amor, de repente y sin aviso.<\/p>\n<h3 class=\"article-text\">Lo que ten\u00eda que escribir: \u201c\u00bfC\u00f3mo anda, se\u00f1or domado?\u201d<\/h3>\n<p class=\"article-text\"><a class=\"link\" href=\"https:\/\/eldiarioar.us2.list-manage.com\/track\/click?u=503cf153ccaaf3477f3bc20b1&amp;id=982d104e41&amp;e=76a918d058\" target=\"_blank\" rel=\"noopener\" data-mrf-recirculation=\"links-noticia\" data-mrf-link=\"https:\/\/eldiarioar.us2.list-manage.com\/track\/click?u=503cf153ccaaf3477f3bc20b1&amp;id=982d104e41&amp;e=76a918d058\">Ya lo dije: Manuel Adorni es un muy buen vocero.<\/a>\u00a0Usa perfectamente el \u201cnosotros\u201d, tiene autorizaci\u00f3n total del Ejecutivo para hablar en su nombre. Es h\u00e1bil, parece c\u00f3modo en esa silla el\u00e9ctrica a la que llaman \u201cvocer\u00eda\u201d.<strong>\u00a0Y \u201cparece que mide bien\u201d as\u00ed que podr\u00eda ser candidato a diputado nacional en representaci\u00f3n de la Ciudad de Buenos Aires en las Legislativas del a\u00f1o que viene<\/strong>. Adorni 2025, gente. A excepci\u00f3n de cuatro o cinco conductores de televisi\u00f3n alineados con el Gobierno, no conozco a un periodista que no quiera cagarlo un poquito a trompadas. O \u201cdomarlo\u201d, \u201chumillarlo\u201d o \u201cdestrozarlo\u201d, palabras que usan los streamers libertarios cuando se refieren a periodistas.<\/p>\n<p class=\"article-text\"><strong>Adorni era un ciudadano com\u00fan hasta hace poco<\/strong>, un ciudadano de esos que viaja al trabajo en colectivo. Hasta que abri\u00f3 un blog como \u201cdescarga emocional\u201d en el que escrib\u00eda en contra del kirchnerismo. Devino tuitero con mucho\u00a0<em>retuit\u00a0<\/em>y un productor de radio lo invit\u00f3 a opinar en su programa un domingo en que se le hab\u00eda ca\u00eddo un invitado. Despu\u00e9s de eso vinieron m\u00e1s programas de radio y una columna propia en Infobae.<strong>\u00a0Adorni pas\u00f3 de los 140 caracteres a ser nombrado secretario de Estado.<\/strong>\u00a0Es la voz del Presidente Milei y tiene club de fans. Yo fan no soy, pero no me pierdo ni una conferencia de Adorni.<\/p>\n<p class=\"article-text\">Con la restituci\u00f3n democr\u00e1tica, en diciembre de 1983, el periodista Jos\u00e9 Ignacio L\u00f3pez fue designado como vocero de Ra\u00fal Alfons\u00edn.\u00a0<strong>L\u00f3pez era el periodista que le hab\u00eda preguntado a Videla por los desaparecidos<\/strong>. Lo hizo en plena dictadura, diciembre de 1979, durante una conferencia de prensa y con una repregunta porque Videla andaba remilgado y daba vueltas. La periodista Gabriela Cerutti fue la \u00faltima portavoz presidencial. Respond\u00eda entre diez y quince preguntas a los periodistas acreditados en Casa Rosada una vez por semana.<\/p>\n<p class=\"article-text\">Pasaron muchos voceros en medio. Ahora est\u00e1 Adorni cada ma\u00f1ana, parado detr\u00e1s de un atril en la Sala de Prensa. Como la conferencia se transmite en simult\u00e1neo, Adorni tambi\u00e9n est\u00e1 en una ventana de YouTube al lado de otra ventana, la del chat.\u00a0<strong>En el plano de la realidad, frente a Adorni hay un grupo de acreditados en Rosada cuyo trabajo y rostro y voz y caracter\u00edsticas f\u00edsicas son usufructuadas por el \u00e1rea de Comunicaci\u00f3n<\/strong>. \u00bfPor qu\u00e9? Porque inmediatamente despu\u00e9s de terminada la conferencia matinal, editan videos para postear en redes oficiales en los que ridiculizan a los trabajadores de prensa.<\/p>\n<p class=\"article-text\">\u00bfA qui\u00e9n le sirven las conferencias de prensa de Adorni? Le sirven a los periodistas, claro, que pueden obtener en\u00a0<em>on<\/em>\u00a0declaraciones de un funcionario p\u00fablico de relevancia. Pero le sirven sobre todo al Gobierno, que aprovecha para instalar el discurso de un gabinete m\u00ednimo sin cara ni voz. No hay ganas de comunicar a la ciudadan\u00eda cuestiones de Estado, todas relevantes a la vida cotidiana.<strong>\u00a0Lo que hacen desde Comunicaci\u00f3n (y con mucho esmero) es editar para hacer quedar a Adorni como \u201cun capo\u201d y al periodista como un \u201chumillado\u201d<\/strong>. El plus de violencia viene minutos despu\u00e9s, cuando el fandom mile\u00edsta har\u00e1 otros cortes y titular\u00e1 en sus canales\u00a0<strong>\u201cAdorni humilla a periodista zurdo\u201d<\/strong>. Podr\u00eda ser una categor\u00eda de sitio para adultos. Pero no. Despu\u00e9s los memes: \u201cL\u00e1grimas de zurdo\u201d, etc.<\/p>\n<p class=\"article-text\"><strong>\u201c\u00bfC\u00f3mo est\u00e1, se\u00f1or domado?\u201d, pregunt\u00f3 el Presidente\u00a0<\/strong>ayer cuando entr\u00f3 -por primera vez en seis meses- a la sala de conferencias de prensa de Casa Rosada.<strong>\u00a0La pregunta fue para Fabi\u00e1n Waldman<\/strong>, acreditado desde 2019 y, desde que asumi\u00f3 La Libertad Avanza, el blanco de Adorni, Milei y la militancia virtual dura de LLA.<\/p>\n<p class=\"article-text\">El domingo, antes del saludito de Milei, habl\u00e9 con Waldman. Me cont\u00f3 que las agresiones en redes sociales hacia \u00e9l y su trabajo impactaron en su vida personal, y que tuvo que activar algunas medidas de seguridad para protegerse. Pero tambi\u00e9n me dijo esto:<strong>\u00a0\u201cMi crecimiento es el resultado de la pol\u00edtica del Gobierno. Si no hubiese habido ajuste, yo no hubiera crecido. \u00bfMe dio m\u00e1s exposici\u00f3n? S\u00ed. Pero esa exposici\u00f3n me gener\u00f3 m\u00e1s compromiso con la profesi\u00f3n\u201d.<\/strong>\u00a0Quiero quedarme con esto que dice Fabi\u00e1n, el compromiso con el oficio.<\/p>\n<p>\u201cAhora en el manejo de la informaci\u00f3n importa m\u00e1s la transgresi\u00f3n que el\u00a0hecho\u201d, resume sobre las conferencias de prensa diarias<strong>\u00a0Gustavo Abu Arab<\/strong>, periodista acreditado hace cuatro d\u00e9cadas en Casa Rosada: cuarenta a\u00f1os, exactamente desde el 10 de diciembre de 1983. Entonces para Radio Mitre y Del Plata, hoy para Canal 6 de San Rafael, Canal 4 de Mendoza y FM Andina. Le pregunto a Gustavo si las agresiones en redes sociales obstaculizan su trabajo. \u201cEn un momento nos peg\u00f3. Uno ve en vivo c\u00f3mo te dicen en el chat \u2018viejo meado\u2019. Despu\u00e9s los memes, despu\u00e9s la interpretaci\u00f3n de los editores que cortan los videos\u2026\u00a0<strong>Pero lo superamos. Y la verdad, nos importa muy poco. Cada d\u00eda, los periodistas acreditados decimos \u2018vamos, vamos: preguntemos\u2019<\/strong>\u201d, responde con entusiasmo.<\/p>\n<p class=\"article-text\">Hace unos meses, Adorni avis\u00f3 a los acreditados que pensaban sumar a las conferencias a \u201cgente de a pie\u201d bajo la premisa de que<strong>\u00a0los periodistas que preguntaban cada ma\u00f1ana son incapaces de trasladar las inquietudes de la ciudadan\u00eda<\/strong>. Trascendi\u00f3 que el casting de gente com\u00fan iba a ser a trav\u00e9s de redes sociales y que tambi\u00e9n iban a seleccionar las preguntas. Los acreditados se pararon de manos: no. As\u00ed que Adorni meti\u00f3 a un grupo de estudiantes de \u201ccarreras afines\u201d. Una estudiante de la carrera de Relaciones P\u00fablicas, por ejemplo, pregunt\u00f3: \u201c\u00bfC\u00f3mo hac\u00e9s para mantener la calma frente a la catarata de preguntas tendenciosas que recib\u00eds diariamente?\u201d. Esa tampoco es una pregunta que alivie las inquietudes de la ciudadan\u00eda. Solo sirve para viral.<\/p>\n<p class=\"article-text\">Pregunt\u00e9 a los acreditados si esa tensi\u00f3n que se ve en las transmisiones se sostiene cuando terminan. \u201cNo\u201d, coincidieron todos los consultados. Que el clima no es amistoso, pero es amable. Que Adorni y su equipo trabajan en despachos a puertas abiertas. Que hay disposici\u00f3n para responder preguntas fuera de la conferencia.\u00a0<strong>Que a veces Adorni les pregunta: \u201c\u00bfUstedes se sienten queridos ac\u00e1?\u201d<\/strong>. \u201cEllos ganaron diciendo que los periodistas somos unos hijos de puta e igual te responden\u201d, reflexiona una colega acreditada en Rosada. Puesto as\u00ed, parece que las conferencias matinales est\u00e1n pensadas exclusivamente para la viralizaci\u00f3n en redes.<\/p>\n<p class=\"article-text\">Habl\u00e9 con m\u00e1s periodistas acreditados. Los m\u00e1s j\u00f3venes destacan la exposici\u00f3n que les da aparecer en la transmisi\u00f3n de la conferencia de prensa. Intercambiar con el vocero es como si -como si- se colocaran en \u201cun lugar\u201d: m\u00e1s\u00a0<em>views<\/em>, m\u00e1s seguidores y m\u00e1s interacciones en redes, reconocimiento de la militancia libertaria, un poquito de cosificaci\u00f3n, la posibilidad de viralizarse si la edici\u00f3n est\u00e1 \u201cbien\u201d montada, les \u201clevanta el perfil\u201d.<strong>\u00a0No se refieren a la agresi\u00f3n para desacreditar nuestro trabajo. Tampoco a su trabajo, que podr\u00eda tener m\u00e1s visibilidad.<\/strong>\u00a0Es m\u00e1s bien un win-win: vos me bardeas, yo gano\u00a0<em>followers<\/em>. Su mirada sobre el asunto -la tensi\u00f3n entre prensa y poder- es revelador del estado de las cosas. No puedo juzgarlos. Pero me parece terrible.<\/p>\n<div id=\"container-after-news-outlook\"><\/div>\n<p class=\"article-text\">El viernes es el d\u00eda del periodista. Salud, camaradas.<\/p>\n<p class=\"article-text\"><em>VDM<\/em><\/p>\n<p>https:\/\/www.eldiarioar.com\/blog\/gracias-por-venir-un-viaje-fugaz-por-las-cocinas-del-periodismo\/periodismo-elige-convierte-blanco_132_11426258.html<\/p>\n","protected":false},"excerpt":{"rendered":"<p>Esta semana, no tendremos clase nuevamente por un paro nacional universitario. Como el viernes pasado se celebr\u00f3 en Argentina el d\u00eda del periodista, les regalo el texto que la periodista Victoria De Masi public\u00f3 esa semana en su newsletter Gracias por venir:<\/p>\n","protected":false},"author":45,"featured_media":0,"comment_status":"closed","ping_status":"open","sticky":false,"template":"","format":"standard","meta":{"footnotes":""},"categories":[55,29],"tags":[],"_links":{"self":[{"href":"https:\/\/redaccion1.fcpolit.unr.edu.ar\/comision-reviglio\/wp-json\/wp\/v2\/posts\/3630"}],"collection":[{"href":"https:\/\/redaccion1.fcpolit.unr.edu.ar\/comision-reviglio\/wp-json\/wp\/v2\/posts"}],"about":[{"href":"https:\/\/redaccion1.fcpolit.unr.edu.ar\/comision-reviglio\/wp-json\/wp\/v2\/types\/post"}],"author":[{"embeddable":true,"href":"https:\/\/redaccion1.fcpolit.unr.edu.ar\/comision-reviglio\/wp-json\/wp\/v2\/users\/45"}],"replies":[{"embeddable":true,"href":"https:\/\/redaccion1.fcpolit.unr.edu.ar\/comision-reviglio\/wp-json\/wp\/v2\/comments?post=3630"}],"version-history":[{"count":1,"href":"https:\/\/redaccion1.fcpolit.unr.edu.ar\/comision-reviglio\/wp-json\/wp\/v2\/posts\/3630\/revisions"}],"predecessor-version":[{"id":3632,"href":"https:\/\/redaccion1.fcpolit.unr.edu.ar\/comision-reviglio\/wp-json\/wp\/v2\/posts\/3630\/revisions\/3632"}],"wp:attachment":[{"href":"https:\/\/redaccion1.fcpolit.unr.edu.ar\/comision-reviglio\/wp-json\/wp\/v2\/media?parent=3630"}],"wp:term":[{"taxonomy":"category","embeddable":true,"href":"https:\/\/redaccion1.fcpolit.unr.edu.ar\/comision-reviglio\/wp-json\/wp\/v2\/categories?post=3630"},{"taxonomy":"post_tag","embeddable":true,"href":"https:\/\/redaccion1.fcpolit.unr.edu.ar\/comision-reviglio\/wp-json\/wp\/v2\/tags?post=3630"}],"curies":[{"name":"wp","href":"https:\/\/api.w.org\/{rel}","templated":true}]}}