{"id":362,"date":"2011-10-31T16:33:49","date_gmt":"2011-10-31T16:33:49","guid":{"rendered":"http:\/\/fcpolit.unr.edu.ar\/blogs\/redaccion1-reviglio\/2011\/10\/31\/bibliografia-para-el-parcial-4\/"},"modified":"2011-10-31T16:33:49","modified_gmt":"2011-10-31T16:33:49","slug":"bibliografia-para-el-parcial-4","status":"publish","type":"post","link":"https:\/\/redaccion1.fcpolit.unr.edu.ar\/comision-reviglio\/2011\/10\/31\/bibliografia-para-el-parcial-4\/","title":{"rendered":"Bibliograf\u00eda para el parcial"},"content":{"rendered":"<p>Aqu\u00ed les copio la lista de la bibliograf\u00eda obligatoria para el parcial que tomaremos el 8\/11 a las 9 hs.<\/p>\n<p><!--more--><br \/>\n<strong>Unidad 6<\/strong>:<br \/>\n<a href=\"http:\/\/www.bdp.org.ar\/facultad\/catedras\/comsoc\/redaccion1\/unidades\/2008\/04\/la_narracion_como_una_de_las_d.php\">La narraci\u00f3n, una de las dos grandes tendencias en la elaboraci\u00f3n de textos<\/a><br \/>\n<a href=\"http:\/\/www.bdp.org.ar\/facultad\/catedras\/comsoc\/redaccion1\/unidades\/2008\/04\/dos_modalidades_de_pensamiento.php\">Dos modalidades de pensamiento<\/a><br \/>\n<a href=\"http:\/\/www.bdp.org.ar\/facultad\/catedras\/comsoc\/redaccion1\/unidades\/2008\/04\/la_inteligibilidad_narrativa.php\">La intilegibilidad narrativa<\/a><br \/>\n<a href=\"http:\/\/www.bdp.org.ar\/facultad\/catedras\/comsoc\/redaccion1\/unidades\/2008\/04\/breves_nociones_teoricas_sobre.php\">Breves nociones te\u00f3ricas sobre la evoluci\u00f3n hist\u00f3rica del relato<\/a><br \/>\n<a href=\"http:\/\/www.bdp.org.ar\/facultad\/catedras\/comsoc\/redaccion1\/unidades\/2008\/04\/arte_poetica_de_aristoteles.php\">Arte Po\u00e9tica<\/a><br \/>\n<a href=\"http:\/\/www.bdp.org.ar\/facultad\/catedras\/comsoc\/redaccion1\/unidades\/2008\/04\/morfologia_del_cuento.php\">Morfolog\u00eda del cuento<\/a><br \/>\n<a href=\"http:\/\/www.bdp.org.ar\/facultad\/catedras\/comsoc\/redaccion1\/unidades\/2008\/04\/analisis_estructural_de_los_re.php\">An\u00e1lisis estructural de los relatos<\/a><br \/>\n<a href=\"http:\/\/www.bdp.org.ar\/facultad\/catedras\/comsoc\/redaccion1\/unidades\/2008\/04\/superestructuras_narrativas.php\">Superestructuras narrativas<\/a><br \/>\n<a href=\"http:\/\/www.bdp.org.ar\/facultad\/catedras\/comsoc\/redaccion1\/unidades\/2008\/04\/estructuras_narrativas.php\">Estructuras narrativas<\/a><br \/>\n<a href=\"http:\/\/www.bdp.org.ar\/facultad\/catedras\/comsoc\/redaccion1\/unidades\/2008\/04\/narrativas_natural_y_artificia.php\">Narrativas natural y artificial<\/a><br \/>\n<a href=\"http:\/\/www.bdp.org.ar\/facultad\/catedras\/comsoc\/redaccion1\/unidades\/2008\/07\/cronica_otro_modo_de_dialogar.php\">Cr\u00f3nica: otro modo de dialogar con la informaci\u00f3n<\/a><br \/>\n<a href=\"http:\/\/www.bdp.org.ar\/facultad\/catedras\/comsoc\/redaccion1\/unidades\/2008\/07\/literatura_y_periodismo_una_tr.php\">Literatura y periodismo<\/a><br \/>\n<strong>Unidad 7<\/strong><br \/>\n<a href=\"http:\/\/www.bdp.org.ar\/facultad\/catedras\/comsoc\/redaccion1\/unidades\/2008\/03\/la_argumentacion_otra_de_las_d.php\">La argumentaci\u00f3n, otra de las dos grandes tendencias en la elaboraci\u00f3n de textos<\/a><br \/>\n<a href=\"http:\/\/www.bdp.org.ar\/facultad\/catedras\/comsoc\/redaccion1\/unidades\/2008\/03\/la_argumentacion_lo_mismo_y_lo.php\">La argumentaci\u00f3n: lo mismo y lo nuevo<\/a><br \/>\n<a href=\"http:\/\/www.bdp.org.ar\/facultad\/catedras\/comsoc\/redaccion1\/unidades\/2008\/03\/la_problematica_de_la_argument.php\">La problem\u00e1tica de la argumentaci\u00f3n hoy<\/a><br \/>\n<a href=\"http:\/\/www.bdp.org.ar\/facultad\/catedras\/comsoc\/redaccion1\/unidades\/2008\/03\/evolucion_historica_de_la_argu.php\">Evoluci\u00f3n hist\u00f3rica de la argumentaci\u00f3n<\/a><br \/>\n<a href=\"http:\/\/www.bdp.org.ar\/facultad\/catedras\/comsoc\/redaccion1\/unidades\/2008\/03\/la_retorica_aristotelica.php\">La ret\u00f3rica aristot\u00e9lica<\/a><br \/>\n<a href=\"http:\/\/www.bdp.org.ar\/facultad\/catedras\/comsoc\/redaccion1\/unidades\/2008\/03\/los_primeros_estudios_sobre_la.php\">Los primeros estudios sobre argumentaci\u00f3n<\/a><br \/>\n<a href=\"http:\/\/www.bdp.org.ar\/facultad\/catedras\/comsoc\/redaccion1\/unidades\/2008\/03\/demostracion_y_argumentacion.php\">Demostraci\u00f3n y argumentaci\u00f3n<\/a><br \/>\n<a href=\"http:\/\/www.bdp.org.ar\/facultad\/catedras\/comsoc\/redaccion1\/unidades\/2008\/03\/superestructuras_argumentativa.php\">Estructuras argumentativas<\/a><br \/>\n<a href=\"http:\/\/www.bdp.org.ar\/facultad\/catedras\/comsoc\/redaccion1\/unidades\/2008\/03\/estructuras_argumentativas.php\">Estructuras argumentativas<\/a><br \/>\n<a href=\"http:\/\/www.bdp.org.ar\/facultad\/catedras\/comsoc\/redaccion1\/unidades\/2008\/10\/argumentacion_y_periodismo_de.php\">Argumentaci\u00f3n y periodismo de opini\u00f3n I<\/a><br \/>\n<a href=\"http:\/\/www.bdp.org.ar\/facultad\/catedras\/comsoc\/redaccion1\/unidades\/2008\/10\/argumentacion_y_periodismo_de_1.php\">Argumentaci\u00f3n y periodismo de opini\u00f3n II<\/a><\/p>\n","protected":false},"excerpt":{"rendered":"<p>Aqu\u00ed les copio la lista de la bibliograf\u00eda obligatoria para el parcial que tomaremos el 8\/11 a las 9 hs.<\/p>\n","protected":false},"author":27,"featured_media":0,"comment_status":"open","ping_status":"closed","sticky":false,"template":"","format":"standard","meta":{"footnotes":""},"categories":[20],"tags":[],"_links":{"self":[{"href":"https:\/\/redaccion1.fcpolit.unr.edu.ar\/comision-reviglio\/wp-json\/wp\/v2\/posts\/362"}],"collection":[{"href":"https:\/\/redaccion1.fcpolit.unr.edu.ar\/comision-reviglio\/wp-json\/wp\/v2\/posts"}],"about":[{"href":"https:\/\/redaccion1.fcpolit.unr.edu.ar\/comision-reviglio\/wp-json\/wp\/v2\/types\/post"}],"author":[{"embeddable":true,"href":"https:\/\/redaccion1.fcpolit.unr.edu.ar\/comision-reviglio\/wp-json\/wp\/v2\/users\/27"}],"replies":[{"embeddable":true,"href":"https:\/\/redaccion1.fcpolit.unr.edu.ar\/comision-reviglio\/wp-json\/wp\/v2\/comments?post=362"}],"version-history":[{"count":0,"href":"https:\/\/redaccion1.fcpolit.unr.edu.ar\/comision-reviglio\/wp-json\/wp\/v2\/posts\/362\/revisions"}],"wp:attachment":[{"href":"https:\/\/redaccion1.fcpolit.unr.edu.ar\/comision-reviglio\/wp-json\/wp\/v2\/media?parent=362"}],"wp:term":[{"taxonomy":"category","embeddable":true,"href":"https:\/\/redaccion1.fcpolit.unr.edu.ar\/comision-reviglio\/wp-json\/wp\/v2\/categories?post=362"},{"taxonomy":"post_tag","embeddable":true,"href":"https:\/\/redaccion1.fcpolit.unr.edu.ar\/comision-reviglio\/wp-json\/wp\/v2\/tags?post=362"}],"curies":[{"name":"wp","href":"https:\/\/api.w.org\/{rel}","templated":true}]}}