{"id":359,"date":"2011-10-24T16:10:41","date_gmt":"2011-10-24T16:10:41","guid":{"rendered":"http:\/\/fcpolit.unr.edu.ar\/blogs\/redaccion1-reviglio\/2011\/10\/24\/para-la-clase-de-manana-2\/"},"modified":"2011-10-24T16:10:41","modified_gmt":"2011-10-24T16:10:41","slug":"para-la-clase-de-manana-2","status":"publish","type":"post","link":"https:\/\/redaccion1.fcpolit.unr.edu.ar\/comision-reviglio\/2011\/10\/24\/para-la-clase-de-manana-2\/","title":{"rendered":"Para la clase de ma\u00f1ana"},"content":{"rendered":"<p>Ma\u00f1ana comenzaremos a trabajar sobre la \u00faltima unidad de la materia: Opinar, argumentar.<\/p>\n<p><!--more--><br \/>\nTrabajaremos en clase sobre los conceptos trabajados en los siguientes textos:<br \/>\n<a href=\"http:\/\/www.bdp.org.ar\/facultad\/catedras\/comsoc\/redaccion1\/unidades\/2008\/03\/la_argumentacion_otra_de_las_d.php\">La argumentaci\u00f3n, otra de las dos grandes tendencias en la elaboraci\u00f3n de textos<\/a><br \/>\n<a href=\"http:\/\/www.bdp.org.ar\/facultad\/catedras\/comsoc\/redaccion1\/unidades\/2008\/03\/evolucion_historica_de_la_argu.php\">Evoluci\u00f3n Hist\u00f3rica de la argumentaci\u00f3n<\/a><br \/>\n<a href=\"http:\/\/www.bdp.org.ar\/facultad\/catedras\/comsoc\/redaccion1\/unidades\/2008\/03\/la_argumentacion_lo_mismo_y_lo.php\">La argumentaci\u00f3n: lo mismo, lo nuevo<\/a><br \/>\n<a href=\"http:\/\/www.bdp.org.ar\/facultad\/catedras\/comsoc\/redaccion1\/unidades\/2008\/03\/la_problematica_de_la_argument.php\">La problem\u00e1tica de la argumentaci\u00f3n hoy<\/a><br \/>\n<a href=\"http:\/\/www.bdp.org.ar\/facultad\/catedras\/comsoc\/redaccion1\/unidades\/2008\/03\/los_primeros_estudios_sobre_la.php\">Los primeros estudios sobre la argumentaci\u00f3n<\/a><br \/>\n<a href=\"http:\/\/www.bdp.org.ar\/facultad\/catedras\/comsoc\/redaccion1\/unidades\/2008\/03\/la_retorica_aristotelica.php\">La ret\u00f3rica aristot\u00e9lica<\/a><br \/>\n<a href=\"http:\/\/www.bdp.org.ar\/facultad\/catedras\/comsoc\/redaccion1\/unidades\/2008\/03\/demostracion_y_argumentacion.php\">Demostraci\u00f3n y argumentaci\u00f3n<\/a><br \/>\n<a href=\"http:\/\/www.bdp.org.ar\/facultad\/catedras\/comsoc\/redaccion1\/unidades\/2008\/03\/persuadir_y_convencer.php\">Persuadir y convencer<\/a><br \/>\nNos vemos ma\u00f1ana.<\/p>\n","protected":false},"excerpt":{"rendered":"<p>Ma\u00f1ana comenzaremos a trabajar sobre la \u00faltima unidad de la materia: Opinar, argumentar.<\/p>\n","protected":false},"author":27,"featured_media":0,"comment_status":"open","ping_status":"closed","sticky":false,"template":"","format":"standard","meta":{"footnotes":""},"categories":[20],"tags":[],"_links":{"self":[{"href":"https:\/\/redaccion1.fcpolit.unr.edu.ar\/comision-reviglio\/wp-json\/wp\/v2\/posts\/359"}],"collection":[{"href":"https:\/\/redaccion1.fcpolit.unr.edu.ar\/comision-reviglio\/wp-json\/wp\/v2\/posts"}],"about":[{"href":"https:\/\/redaccion1.fcpolit.unr.edu.ar\/comision-reviglio\/wp-json\/wp\/v2\/types\/post"}],"author":[{"embeddable":true,"href":"https:\/\/redaccion1.fcpolit.unr.edu.ar\/comision-reviglio\/wp-json\/wp\/v2\/users\/27"}],"replies":[{"embeddable":true,"href":"https:\/\/redaccion1.fcpolit.unr.edu.ar\/comision-reviglio\/wp-json\/wp\/v2\/comments?post=359"}],"version-history":[{"count":0,"href":"https:\/\/redaccion1.fcpolit.unr.edu.ar\/comision-reviglio\/wp-json\/wp\/v2\/posts\/359\/revisions"}],"wp:attachment":[{"href":"https:\/\/redaccion1.fcpolit.unr.edu.ar\/comision-reviglio\/wp-json\/wp\/v2\/media?parent=359"}],"wp:term":[{"taxonomy":"category","embeddable":true,"href":"https:\/\/redaccion1.fcpolit.unr.edu.ar\/comision-reviglio\/wp-json\/wp\/v2\/categories?post=359"},{"taxonomy":"post_tag","embeddable":true,"href":"https:\/\/redaccion1.fcpolit.unr.edu.ar\/comision-reviglio\/wp-json\/wp\/v2\/tags?post=359"}],"curies":[{"name":"wp","href":"https:\/\/api.w.org\/{rel}","templated":true}]}}