{"id":35,"date":"2006-06-14T14:53:51","date_gmt":"2006-06-14T14:53:51","guid":{"rendered":"http:\/\/fcpolit.unr.edu.ar\/blogs\/redaccion1-reviglio\/2006\/06\/14\/clase-del-12-de-junio\/"},"modified":"2006-06-14T14:53:51","modified_gmt":"2006-06-14T14:53:51","slug":"clase-del-12-de-junio","status":"publish","type":"post","link":"https:\/\/redaccion1.fcpolit.unr.edu.ar\/comision-reviglio\/2006\/06\/14\/clase-del-12-de-junio\/","title":{"rendered":"Clase del 12 de junio"},"content":{"rendered":"<p><img loading=\"lazy\" decoding=\"async\" alt=\"libros6.jpg\" src=\"http:\/\/www.dialogica.com.ar\/unr\/redaccion1\/cecilia\/archivos\/libros6.jpg\" width=\"95\" height=\"102\" align=\"rigth\" hspace=\"10\" \/><br \/>\n<em>por Yamila Zubek y Jesica Chiaborelli<\/em><br \/>\nEn la clase del 12\/06, la profesora Cecilia devolvi\u00f3 los trabajos pr\u00e1cticos ya corregidos y retomamos el tema de \u201cActos de habla\u201d a partir de los trabajos realizados. Tambi\u00e9n dedicamos un momento a consultas sobre los temas del parcial, sobre todo a los \u00faltimos que trabajamos como los reordenamientos, por ejemplo.<br \/>\nDurante el desarrollo de la clase, explic\u00f3 qu\u00e9 es la coherencia local, a partir del texto base 12 y sus textos fuente.La coherencia local tiene cuatro \u00edtems b\u00e1sicos:<\/p>\n<p><!--more--><br \/>\n-sugnificado y referencia: que tiene que ver con el significado de las<br \/>\npalabras y los referentes de los signos.<br \/>\n-marcos de conocimiento que son dos: mundo posible y cocimiento de mundo.<br \/>\n-el punto 3 trata sobre la relaci\u00f3n entre lo nuevo y lo conocido. C\u00f3mo se enlaza en un texto la informaci\u00f3n ya conocida con la nueva.<br \/>\n-y por \u00faltimo,  el \u00edtem 4 que trata sobre la idea de la conexi\u00f3n entre las oraciones.<br \/>\nLuego entregamos los trabajos que ten\u00edamos pendientes.<br \/>\nAl final de la clase hablamos sobre el encuentro que se realiz\u00f3 el 7 de junio y del que participaron los periodistas Eduardo Blaustein y Carlos Rodr\u00edguez<br \/>\nAl finalizar los comentarios, nos dio las consignas de la Actividad 6 que fue realizada en clase.<br \/>\nRecuerden que la pr\u00f3xima clase a las 15 hs en punto es el parcial. No se podr\u00e1 llegar tarde, ni salir en la mitad de la evaluaci\u00f3n as\u00ed como tampoco se podr\u00e1 tener los tel\u00e9fonos celulares encendidos.<\/p>\n","protected":false},"excerpt":{"rendered":"<p>por Yamila Zubek y Jesica Chiaborelli En la clase del 12\/06, la profesora Cecilia devolvi\u00f3 los trabajos pr\u00e1cticos ya corregidos y retomamos el tema de \u201cActos de habla\u201d a partir de los trabajos realizados. Tambi\u00e9n dedicamos un momento a consultas sobre los temas del parcial, sobre todo a los \u00faltimos que trabajamos como los reordenamientos, [&hellip;]<\/p>\n","protected":false},"author":27,"featured_media":0,"comment_status":"open","ping_status":"closed","sticky":false,"template":"","format":"standard","meta":{"footnotes":""},"categories":[18],"tags":[],"_links":{"self":[{"href":"https:\/\/redaccion1.fcpolit.unr.edu.ar\/comision-reviglio\/wp-json\/wp\/v2\/posts\/35"}],"collection":[{"href":"https:\/\/redaccion1.fcpolit.unr.edu.ar\/comision-reviglio\/wp-json\/wp\/v2\/posts"}],"about":[{"href":"https:\/\/redaccion1.fcpolit.unr.edu.ar\/comision-reviglio\/wp-json\/wp\/v2\/types\/post"}],"author":[{"embeddable":true,"href":"https:\/\/redaccion1.fcpolit.unr.edu.ar\/comision-reviglio\/wp-json\/wp\/v2\/users\/27"}],"replies":[{"embeddable":true,"href":"https:\/\/redaccion1.fcpolit.unr.edu.ar\/comision-reviglio\/wp-json\/wp\/v2\/comments?post=35"}],"version-history":[{"count":0,"href":"https:\/\/redaccion1.fcpolit.unr.edu.ar\/comision-reviglio\/wp-json\/wp\/v2\/posts\/35\/revisions"}],"wp:attachment":[{"href":"https:\/\/redaccion1.fcpolit.unr.edu.ar\/comision-reviglio\/wp-json\/wp\/v2\/media?parent=35"}],"wp:term":[{"taxonomy":"category","embeddable":true,"href":"https:\/\/redaccion1.fcpolit.unr.edu.ar\/comision-reviglio\/wp-json\/wp\/v2\/categories?post=35"},{"taxonomy":"post_tag","embeddable":true,"href":"https:\/\/redaccion1.fcpolit.unr.edu.ar\/comision-reviglio\/wp-json\/wp\/v2\/tags?post=35"}],"curies":[{"name":"wp","href":"https:\/\/api.w.org\/{rel}","templated":true}]}}