{"id":347,"date":"2011-09-12T01:30:50","date_gmt":"2011-09-12T01:30:50","guid":{"rendered":"http:\/\/fcpolit.unr.edu.ar\/blogs\/redaccion1-reviglio\/2011\/09\/12\/para-la-clase-del-martes-1309\/"},"modified":"2011-09-12T01:30:50","modified_gmt":"2011-09-12T01:30:50","slug":"para-la-clase-del-martes-1309","status":"publish","type":"post","link":"https:\/\/redaccion1.fcpolit.unr.edu.ar\/comision-reviglio\/2011\/09\/12\/para-la-clase-del-martes-1309\/","title":{"rendered":"Para la clase del martes 13\/09"},"content":{"rendered":"<p><img loading=\"lazy\" decoding=\"async\" alt=\"imagesCAZP5HM4.jpg\" src=\"http:\/\/www.bdp.org.ar\/facultad\/catedras\/comsoc\/redaccion1\/reviglio\/imagesCAZP5HM4.jpg\" width=\"220\" height=\"201\" \/><br \/>\n\u00a1Hola gente! \u00bfC\u00f3mo est\u00e1n?<br \/>\nLos imaginamos ya recuperados del parcial, ansiosos de seguir incorporando nuevos conocimientos y compartiendo experiencias. Respecto a esto, les pedimos que para la clase del martes 13\/09 lean el texto &#8220;<a href=\"http:\/\/www.bdp.org.ar\/facultad\/catedras\/comsoc\/redaccion1\/reviglio\/2010\/07\/como_se_cuenta_un_cuento.php\">Como se cuenta un cuento<\/a>\u201d. El abordaje a este escrito resulta importante para poder trabajar una nueva modalidad de taller de lectura que tenemos planeada para nuestro pr\u00f3ximo encuentro.<br \/>\nPd: No se asusten que el mito del martes 13 a\u00fan no est\u00e1 sustentado por evidencia emp\u00edrica<\/p>\n","protected":false},"excerpt":{"rendered":"<p>\u00a1Hola gente! \u00bfC\u00f3mo est\u00e1n? Los imaginamos ya recuperados del parcial, ansiosos de seguir incorporando nuevos conocimientos y compartiendo experiencias. Respecto a esto, les pedimos que para la clase del martes 13\/09 lean el texto &#8220;Como se cuenta un cuento\u201d. El abordaje a este escrito resulta importante para poder trabajar una nueva modalidad de taller de [&hellip;]<\/p>\n","protected":false},"author":17,"featured_media":0,"comment_status":"open","ping_status":"closed","sticky":false,"template":"","format":"standard","meta":{"footnotes":""},"categories":[18],"tags":[],"_links":{"self":[{"href":"https:\/\/redaccion1.fcpolit.unr.edu.ar\/comision-reviglio\/wp-json\/wp\/v2\/posts\/347"}],"collection":[{"href":"https:\/\/redaccion1.fcpolit.unr.edu.ar\/comision-reviglio\/wp-json\/wp\/v2\/posts"}],"about":[{"href":"https:\/\/redaccion1.fcpolit.unr.edu.ar\/comision-reviglio\/wp-json\/wp\/v2\/types\/post"}],"author":[{"embeddable":true,"href":"https:\/\/redaccion1.fcpolit.unr.edu.ar\/comision-reviglio\/wp-json\/wp\/v2\/users\/17"}],"replies":[{"embeddable":true,"href":"https:\/\/redaccion1.fcpolit.unr.edu.ar\/comision-reviglio\/wp-json\/wp\/v2\/comments?post=347"}],"version-history":[{"count":0,"href":"https:\/\/redaccion1.fcpolit.unr.edu.ar\/comision-reviglio\/wp-json\/wp\/v2\/posts\/347\/revisions"}],"wp:attachment":[{"href":"https:\/\/redaccion1.fcpolit.unr.edu.ar\/comision-reviglio\/wp-json\/wp\/v2\/media?parent=347"}],"wp:term":[{"taxonomy":"category","embeddable":true,"href":"https:\/\/redaccion1.fcpolit.unr.edu.ar\/comision-reviglio\/wp-json\/wp\/v2\/categories?post=347"},{"taxonomy":"post_tag","embeddable":true,"href":"https:\/\/redaccion1.fcpolit.unr.edu.ar\/comision-reviglio\/wp-json\/wp\/v2\/tags?post=347"}],"curies":[{"name":"wp","href":"https:\/\/api.w.org\/{rel}","templated":true}]}}