{"id":345,"date":"2011-08-28T19:47:13","date_gmt":"2011-08-28T19:47:13","guid":{"rendered":"http:\/\/fcpolit.unr.edu.ar\/blogs\/redaccion1-reviglio\/2011\/08\/28\/bibliografia-para-el-parcial-3\/"},"modified":"2011-08-28T19:47:13","modified_gmt":"2011-08-28T19:47:13","slug":"bibliografia-para-el-parcial-3","status":"publish","type":"post","link":"https:\/\/redaccion1.fcpolit.unr.edu.ar\/comision-reviglio\/2011\/08\/28\/bibliografia-para-el-parcial-3\/","title":{"rendered":"Bibliograf\u00eda para el parcial"},"content":{"rendered":"<p>A continuaci\u00f3n, les copio la lista con la bibliograf\u00eda que deber\u00e1n estudiar para el parcial que tomaremos el martes 6 de septiembre:<\/p>\n<p><!--more--><br \/>\n<strong>Unidades 1 y 4<\/strong><br \/>\nEstrategias de producci\u00f3n sem\u00e1ntica (Unidad 1)<br \/>\n\u00bfQu\u00e9 son las superestructuras? (U1)<br \/>\nOrden natural (U1)<br \/>\nReordenamientos (U1)<br \/>\nDos propiedades del Texto (Unidad 4)<br \/>\nCoherencia (Unidad 4)<br \/>\nFactores de coherencia (Unidad 4)<br \/>\nMacroestructuras (Unidad 4)<br \/>\nSuperestructuras (U4)<br \/>\nSuperestructura del texto de instrucciones (U4)<br \/>\nConectividad (Unidad 4)<br \/>\nConcepto de Conectividad (U4)<br \/>\nEstrategias para establecer coherencia local (Unidad 1)<br \/>\nCohesi\u00f3n (Unidad 4)<br \/>\nCoherencia local. Definici\u00f3n (U1)<br \/>\nProposiciones y mundo posible (U1)<br \/>\nRelaciones causa-consecuencia (U1)<br \/>\nRelaciones motivos-acciones (U1)<br \/>\nEl fen\u00f3meno de la referencia en el texto (U1)<br \/>\nManeras de distribuir la informaci\u00f3n (U1)<br \/>\nCoherencia y marcos de conocimiento (U1)<br \/>\n<strong>Unidad 3<\/strong>:<br \/>\nUn texto es un texto<br \/>\nAproximaci\u00f3n a una tipolog\u00eda de textos<br \/>\n(con todos sus fuentes)<br \/>\n<strong>Unidad 5:<\/strong><br \/>\nEstilos directo e indirecto<br \/>\nEnunciados referidos<br \/>\nCampo sem\u00e1ntico del decir<br \/>\n<strong>Unidad 8<\/strong>:<br \/>\nDefiniciones y estructuras<br \/>\nNoticia directa<br \/>\nLos elementos que integran la noticia y la valoraci\u00f3n<br \/>\nEl lid, la entrada de la noticia<br \/>\nConcepto y estructura de la noticia<br \/>\nResumen de titulares<br \/>\nEscribir un lid y no morir en el intento<\/p>\n","protected":false},"excerpt":{"rendered":"<p>A continuaci\u00f3n, les copio la lista con la bibliograf\u00eda que deber\u00e1n estudiar para el parcial que tomaremos el martes 6 de septiembre:<\/p>\n","protected":false},"author":27,"featured_media":0,"comment_status":"open","ping_status":"closed","sticky":false,"template":"","format":"standard","meta":{"footnotes":""},"categories":[20],"tags":[],"_links":{"self":[{"href":"https:\/\/redaccion1.fcpolit.unr.edu.ar\/comision-reviglio\/wp-json\/wp\/v2\/posts\/345"}],"collection":[{"href":"https:\/\/redaccion1.fcpolit.unr.edu.ar\/comision-reviglio\/wp-json\/wp\/v2\/posts"}],"about":[{"href":"https:\/\/redaccion1.fcpolit.unr.edu.ar\/comision-reviglio\/wp-json\/wp\/v2\/types\/post"}],"author":[{"embeddable":true,"href":"https:\/\/redaccion1.fcpolit.unr.edu.ar\/comision-reviglio\/wp-json\/wp\/v2\/users\/27"}],"replies":[{"embeddable":true,"href":"https:\/\/redaccion1.fcpolit.unr.edu.ar\/comision-reviglio\/wp-json\/wp\/v2\/comments?post=345"}],"version-history":[{"count":0,"href":"https:\/\/redaccion1.fcpolit.unr.edu.ar\/comision-reviglio\/wp-json\/wp\/v2\/posts\/345\/revisions"}],"wp:attachment":[{"href":"https:\/\/redaccion1.fcpolit.unr.edu.ar\/comision-reviglio\/wp-json\/wp\/v2\/media?parent=345"}],"wp:term":[{"taxonomy":"category","embeddable":true,"href":"https:\/\/redaccion1.fcpolit.unr.edu.ar\/comision-reviglio\/wp-json\/wp\/v2\/categories?post=345"},{"taxonomy":"post_tag","embeddable":true,"href":"https:\/\/redaccion1.fcpolit.unr.edu.ar\/comision-reviglio\/wp-json\/wp\/v2\/tags?post=345"}],"curies":[{"name":"wp","href":"https:\/\/api.w.org\/{rel}","templated":true}]}}