{"id":336,"date":"2011-06-22T10:44:04","date_gmt":"2011-06-22T10:44:04","guid":{"rendered":"http:\/\/fcpolit.unr.edu.ar\/blogs\/redaccion1-reviglio\/2011\/06\/22\/resumen-de-la-clase-del-21-de-junio\/"},"modified":"2011-06-22T10:44:04","modified_gmt":"2011-06-22T10:44:04","slug":"resumen-de-la-clase-del-21-de-junio","status":"publish","type":"post","link":"https:\/\/redaccion1.fcpolit.unr.edu.ar\/comision-reviglio\/2011\/06\/22\/resumen-de-la-clase-del-21-de-junio\/","title":{"rendered":"Resumen de la clase del 21 de junio"},"content":{"rendered":"<p>El martes pasado tomamos el primer parcial de la Comisi\u00f3n 3 en Redacci\u00f3n 1.<br \/>\nLa clase pr\u00f3xima daremos la clase que no se pudo dictar la semana anterior por ausencia de los estudiantes.<\/p>\n<p><!--more--><br \/>\nLas lecturas para la clase ser\u00e1n:<br \/>\nTexto base: <a href=\"http:\/\/www.bdp.org.ar\/facultad\/catedras\/comsoc\/redaccion1\/unidades\/2007\/05\/estrategias_de_produccion_sema.php\">Estructuras de producci\u00f3n sem\u00e1ntica <\/a>(en especial lo que refiere al tema de Macroestructura)<br \/>\nTexto Fuente: <a href=\"http:\/\/www.bdp.org.ar\/facultad\/catedras\/comsoc\/redaccion1\/unidades\/2008\/03\/macroestructurasestructuras_gl.php\">Macroestructuras. Estructuras globales<\/a><br \/>\nPor otro lado, les recuerdo a los que adeudan trabajos que pueden enviar en las dos semanas que restan antes de las vacaciones los TP 7, 8, 9 y 10 (los anteriores, ya no los recibo porque la fecha de entrega ha quedado ya, muy lejana).<br \/>\nEn el segundo cuatrimestre NO RECIBIR\u00c9 NINGUN TRABAJO CORRESPONDIENTE AL PRIMER CUATRIMESTRE.<\/p>\n","protected":false},"excerpt":{"rendered":"<p>El martes pasado tomamos el primer parcial de la Comisi\u00f3n 3 en Redacci\u00f3n 1. La clase pr\u00f3xima daremos la clase que no se pudo dictar la semana anterior por ausencia de los estudiantes.<\/p>\n","protected":false},"author":27,"featured_media":0,"comment_status":"open","ping_status":"closed","sticky":false,"template":"","format":"standard","meta":{"footnotes":""},"categories":[18],"tags":[],"_links":{"self":[{"href":"https:\/\/redaccion1.fcpolit.unr.edu.ar\/comision-reviglio\/wp-json\/wp\/v2\/posts\/336"}],"collection":[{"href":"https:\/\/redaccion1.fcpolit.unr.edu.ar\/comision-reviglio\/wp-json\/wp\/v2\/posts"}],"about":[{"href":"https:\/\/redaccion1.fcpolit.unr.edu.ar\/comision-reviglio\/wp-json\/wp\/v2\/types\/post"}],"author":[{"embeddable":true,"href":"https:\/\/redaccion1.fcpolit.unr.edu.ar\/comision-reviglio\/wp-json\/wp\/v2\/users\/27"}],"replies":[{"embeddable":true,"href":"https:\/\/redaccion1.fcpolit.unr.edu.ar\/comision-reviglio\/wp-json\/wp\/v2\/comments?post=336"}],"version-history":[{"count":0,"href":"https:\/\/redaccion1.fcpolit.unr.edu.ar\/comision-reviglio\/wp-json\/wp\/v2\/posts\/336\/revisions"}],"wp:attachment":[{"href":"https:\/\/redaccion1.fcpolit.unr.edu.ar\/comision-reviglio\/wp-json\/wp\/v2\/media?parent=336"}],"wp:term":[{"taxonomy":"category","embeddable":true,"href":"https:\/\/redaccion1.fcpolit.unr.edu.ar\/comision-reviglio\/wp-json\/wp\/v2\/categories?post=336"},{"taxonomy":"post_tag","embeddable":true,"href":"https:\/\/redaccion1.fcpolit.unr.edu.ar\/comision-reviglio\/wp-json\/wp\/v2\/tags?post=336"}],"curies":[{"name":"wp","href":"https:\/\/api.w.org\/{rel}","templated":true}]}}