{"id":334,"date":"2011-06-14T00:14:13","date_gmt":"2011-06-14T00:14:13","guid":{"rendered":"http:\/\/fcpolit.unr.edu.ar\/blogs\/redaccion1-reviglio\/2011\/06\/14\/recomendando-el-debate\/"},"modified":"2011-06-14T00:14:13","modified_gmt":"2011-06-14T00:14:13","slug":"recomendando-el-debate","status":"publish","type":"post","link":"https:\/\/redaccion1.fcpolit.unr.edu.ar\/comision-reviglio\/2011\/06\/14\/recomendando-el-debate\/","title":{"rendered":"Recomendando el debate"},"content":{"rendered":"<p><img loading=\"lazy\" decoding=\"async\" alt=\"simpsons.jpg\" src=\"http:\/\/www.bdp.org.ar\/facultad\/catedras\/comsoc\/redaccion1\/reviglio\/simpsons.jpg\" width=\"396\" height=\"282\" \/><br \/>\nCon un marco en el que resultaba insoslayable la conferencia de Carlos Gabetta y Pablo Llonto, durante la clase pasada se arm\u00f3 un interesante debate en lo que respecta al rol y la responsabilidad que deben asumir los medios de comunicaci\u00f3n en la transmisi\u00f3n o difusi\u00f3n de diversos contenidos.<\/p>\n<p><!--more--><br \/>\nLamentablemente, los tiempos son tiranos y no pudimos seguir profundizando lo que resulta ser  un tema sumamente interesante e importante  tanto para los comunicadores c\u00f3mo para el p\u00fablico de cualquier medio de comunicaci\u00f3n (\u00bfy acaso puede alguien mostrarse exento de pertenecer a esta \u00faltima categor\u00eda?).<br \/>\nAhora bien, en lo refiere a esta tem\u00e1tica siempre hay algo que aportar para gestar y nutrir un buen debate. Y, ante los l\u00edmites del tiempo en clase, afortunadamente podemos contar con nuestro blog para poder seguir extendi\u00e9ndonos en la reflexi\u00f3n y el di\u00e1logo.<br \/>\nPor nuestra parte, les recomendamos y facilitamos, ya sea c\u00f3mo regalos textuales o detonantes, la lectura de algunos textos que el escritor uruguayo, Eduardo Galeano, public\u00f3 en \u201cEl libro de los abrazos\u201d. Con este est\u00edmulo, le proponemos a todo aquel que se vea atra\u00eddo por la idea que comparta su perspectiva personal  de la manera que guste hacerlo: mediante opiniones, comentarios, links a diversos archivos de multimedia, recomendaciones de publicaciones o art\u00edculos, etc. Todo ser\u00e1 bienvenido.<br \/>\n<strong>Recordatorio aclarador:<\/strong> A la hora de presentar un texto o realizar cierta recomendaci\u00f3n, tengan en cuenta que la intenci\u00f3n es que sus aportes puedan sumarse al blog de nuestra comisi\u00f3n. En caso de querer manifestar breves observaciones u opiniones personales hagan uso de la opci\u00f3n comentarios (siempre poniendo su nombre), pero si el aporte es m\u00e1s complejo env\u00edenselo a Franco (framotta@hotmail.com) para que lo articule en el posteo.<br \/>\nSin m\u00e1s pre\u00e1mbulos, los dejamos en compa\u00f1\u00eda de los prometidos relatos de Galeano:<br \/>\n<img loading=\"lazy\" decoding=\"async\" alt=\"Galeano1.jpg\" src=\"http:\/\/www.bdp.org.ar\/facultad\/catedras\/comsoc\/redaccion1\/reviglio\/Galeano1.jpg\" width=\"400\" height=\"395\" \/><br \/>\n<u><strong>La televisi\u00f3n \/2<\/strong><\/u><br \/>\nLa televisi\u00f3n, \u00bfmuestra lo que ocurre?<br \/>\nEn nuestros pa\u00edses, la televisi\u00f3n muestra lo que ella quiere que ocurra; y nada ocurre si la televisi\u00f3n no lo muestra.<br \/>\nLa televisi\u00f3n, esa \u00faltima luz que te salva de la soledad y de la noche, es la realidad. Porque la vida es un espect\u00e1culo: a los que se portan bien, el sistema les promete un c\u00f3modo asiento.<br \/>\n<strong><u>La televisi\u00f3n \/5<\/u><\/strong><br \/>\nEn los veranos, la televisi\u00f3n uruguaya dedica largos programas a Punta del Este.<br \/>\nM\u00e1s interesadas en las cosas que en la gente, las c\u00e1maras llegan al \u00e9xtasis cuando exhiben las casas de los ricos en vacaciones. Estas mansiones ostentosas se parecen a los mausoleos de m\u00e1rmol y bronce en el cementerio de La Recoleta, que es la Punta del Este de despu\u00e9s.<br \/>\nPor la pantalla desfilan los elegidos y sus s\u00edmbolos de poder. El sistema, que edifica la pir\u00e1mide social eligiendo al rev\u00e9s, recompensa a poca gente. He aqu\u00ed a los premiados; son los usureros de buenas u\u00f1as y los mercaderes de buenos dientes, los pol\u00edticos de creciente nariz y los doctores de espaldas de goma.<br \/>\nLa televisi\u00f3n se propone adular a los que mandan en el R\u00edo de La Plata, pero sin quererlo, cumple una ejemplar funci\u00f3n educativa: nos muestra las altas cumbres y en ella delata la tilinguer\u00eda y el mal gusto de los triunfantes cazadores de dinero.<br \/>\nDebajo de la aparente estupidez, hay verdadera estupidez.<br \/>\n<u><strong>La dignidad del arte<\/strong><\/u><br \/>\nYo escribo para quienes no pueden leerme. Los de abajo, los que esperan desde hace siglos en la cola de la historia, no saben leer o no tienen con qu\u00e9.<br \/>\nCuando me viene el des\u00e1nimo, me hace bien recordar una lecci\u00f3n de dignidad del arte que recib\u00ed hace a\u00f1os en un teatro de As\u00eds, en Italia. Hab\u00edamos ido con Helena a ver un espect\u00e1culo de pantomima, y no hab\u00eda nadie. Ella y yo \u00e9ramos los \u00fanicos espectadores. Cuando se apag\u00f3 la luz, se nos sumaron el acomodador y el boletero. Y sin embargo, los actores, m\u00e1s numerosos que el p\u00fablico, trabajaron aquella noche como si estuvieran viviendo la gloria de un estreno a sala repleta. Hicieron su tarea entreg\u00e1ndose enteros, con todo, con alma y vida; y fue una maravilla.<br \/>\nNuestros aplausos retumbaron en la soledad de la sala. Nosotros aplaudimos hasta despellejarnos las manos.<\/p>\n","protected":false},"excerpt":{"rendered":"<p>Con un marco en el que resultaba insoslayable la conferencia de Carlos Gabetta y Pablo Llonto, durante la clase pasada se arm\u00f3 un interesante debate en lo que respecta al rol y la responsabilidad que deben asumir los medios de comunicaci\u00f3n en la transmisi\u00f3n o difusi\u00f3n de diversos contenidos.<\/p>\n","protected":false},"author":17,"featured_media":0,"comment_status":"open","ping_status":"closed","sticky":false,"template":"","format":"standard","meta":{"footnotes":""},"categories":[27],"tags":[],"_links":{"self":[{"href":"https:\/\/redaccion1.fcpolit.unr.edu.ar\/comision-reviglio\/wp-json\/wp\/v2\/posts\/334"}],"collection":[{"href":"https:\/\/redaccion1.fcpolit.unr.edu.ar\/comision-reviglio\/wp-json\/wp\/v2\/posts"}],"about":[{"href":"https:\/\/redaccion1.fcpolit.unr.edu.ar\/comision-reviglio\/wp-json\/wp\/v2\/types\/post"}],"author":[{"embeddable":true,"href":"https:\/\/redaccion1.fcpolit.unr.edu.ar\/comision-reviglio\/wp-json\/wp\/v2\/users\/17"}],"replies":[{"embeddable":true,"href":"https:\/\/redaccion1.fcpolit.unr.edu.ar\/comision-reviglio\/wp-json\/wp\/v2\/comments?post=334"}],"version-history":[{"count":0,"href":"https:\/\/redaccion1.fcpolit.unr.edu.ar\/comision-reviglio\/wp-json\/wp\/v2\/posts\/334\/revisions"}],"wp:attachment":[{"href":"https:\/\/redaccion1.fcpolit.unr.edu.ar\/comision-reviglio\/wp-json\/wp\/v2\/media?parent=334"}],"wp:term":[{"taxonomy":"category","embeddable":true,"href":"https:\/\/redaccion1.fcpolit.unr.edu.ar\/comision-reviglio\/wp-json\/wp\/v2\/categories?post=334"},{"taxonomy":"post_tag","embeddable":true,"href":"https:\/\/redaccion1.fcpolit.unr.edu.ar\/comision-reviglio\/wp-json\/wp\/v2\/tags?post=334"}],"curies":[{"name":"wp","href":"https:\/\/api.w.org\/{rel}","templated":true}]}}