{"id":331,"date":"2011-06-01T19:12:51","date_gmt":"2011-06-01T19:12:51","guid":{"rendered":"http:\/\/fcpolit.unr.edu.ar\/blogs\/redaccion1-reviglio\/2011\/06\/01\/bibliografia-para-el-parcial-2\/"},"modified":"2011-06-01T19:12:51","modified_gmt":"2011-06-01T19:12:51","slug":"bibliografia-para-el-parcial-2","status":"publish","type":"post","link":"https:\/\/redaccion1.fcpolit.unr.edu.ar\/comision-reviglio\/2011\/06\/01\/bibliografia-para-el-parcial-2\/","title":{"rendered":"Bibliografia para el parcial"},"content":{"rendered":"<p>Como ya venimos anunciando, el 21 de junio tomaremos el primer Trabajo Pr\u00e1ctico Integrador de Redacci\u00f3n 1. Para que se gu\u00eden y puedan organizar mejor el estudio, les dejo el detalle de los temas y bibliograf\u00eda que se evaluar\u00e1n:<\/p>\n<p><!--more--><br \/>\n<a href=\"http:\/\/www.bdp.org.ar\/facultad\/catedras\/comsoc\/redaccion1\/unidades\/2003\/03\/dimension_compleja_de_la_escri.php\">Dimensi\u00f3n compleja de la escritura<\/a><br \/>\nLa escritura actividad compleja<br \/>\nNo todos comprendemos lo mismo<br \/>\nDiferencias entre la oralidad y la escritura<br \/>\n<a href=\"http:\/\/www.bdp.org.ar\/facultad\/catedras\/comsoc\/redaccion1\/unidades\/2003\/04\/aprendizajes_espontaneo_y_comp.php\">Aprendizaje espont\u00e1neo y aprendizaje comprometido<\/a><br \/>\nLeer como un escritor<br \/>\nLeer mucho y leer bien<br \/>\nProsa de escritor y de lector<br \/>\n<a href=\"http:\/\/www.bdp.org.ar\/facultad\/catedras\/comsoc\/redaccion1\/unidades\/2008\/03\/la_lectura_como_proceso_cognit.php\">La lectura como proceso cognitivo y comunicativo<\/a><br \/>\nEl proceso de lectura, una actividad con facetas diversas<br \/>\n\u00bfQu\u00e9 es leer?<br \/>\nSobre la lectura<br \/>\nComprensi\u00f3n: proceso cognitivo estrat\u00e9gico<br \/>\n<a href=\"http:\/\/www.bdp.org.ar\/facultad\/catedras\/comsoc\/redaccion1\/unidades\/2008\/03\/estrategias_y_tareas_de_la_com.php\">Estrategias y tareas de la comprensi\u00f3n lectora<\/a><br \/>\nLa tarea de los lectores<br \/>\nHabilidades ciberdiscursivas<br \/>\nLas inferencias<br \/>\n<a href=\"http:\/\/www.bdp.org.ar\/facultad\/catedras\/comsoc\/redaccion1\/unidades\/2008\/03\/la_comprension_y_la_estructura.php\">La comprensi\u00f3n y la estructura de los textos<\/a><br \/>\nLa estructura de los textos y la comprensi\u00f3n<br \/>\nEstados afectivos, cognitivos y metacognitivos<br \/>\n<a href=\"http:\/\/www.bdp.org.ar\/facultad\/catedras\/comsoc\/redaccion1\/reviglio\/2009\/06\/la_influencia_de_los_formatos.php\">La influencia de los soportes textuales en las pr\u00e1cticas de lecturas<\/a><br \/>\n<a href=\"http:\/\/www.bdp.org.ar\/facultad\/catedras\/comsoc\/redaccion1\/unidades\/2008\/03\/complementacion_entre_los_proc.php\">Complementaci\u00f3n entre los procesos de escritura y de lectura<\/a><br \/>\n<a href=\"http:\/\/www.bdp.org.ar\/facultad\/catedras\/comsoc\/redaccion1\/unidades\/2003\/04\/la_escritura_como_proceso_cogn.php\">La escritura como proceso cognitivo y comunicativo<\/a><br \/>\nFunci\u00f3n social de la lengua escrita<br \/>\nEl oficio de escribir<br \/>\n<a href=\"http:\/\/www.bdp.org.ar\/facultad\/catedras\/comsoc\/redaccion1\/unidades\/2003\/04\/un_modelo_teorico_para_entende.php\">Un modelo te\u00f3rico para entender el mundo del escritor<\/a><br \/>\nMemorias a largo plazo y a corto plazo<br \/>\nLa complejidad de la memoria<br \/>\n<a href=\"http:\/\/www.bdp.org.ar\/facultad\/catedras\/comsoc\/redaccion1\/unidades\/2003\/04\/importancia_de_la_etapa_de_pla.php\">Importancia de la etapa de planificaci\u00f3n en la escritura<\/a><br \/>\n<a href=\"http:\/\/www.bdp.org.ar\/facultad\/catedras\/comsoc\/redaccion1\/unidades\/2003\/05\/los_borradores_testigos_de_la.php\">Los borradores, testigos de la recursividad del proceso de escritura<\/a><br \/>\n<a href=\"http:\/\/www.bdp.org.ar\/facultad\/catedras\/comsoc\/redaccion1\/unidades\/2003\/07\/nocion_de_audiencia_t_base_7.php\">Noci\u00f3n de Audiencia<\/a><br \/>\nLa audiencia de los medios de comunicaci\u00f3n<br \/>\nVariables para la caracterizaci\u00f3n de p\u00fablicos<br \/>\nEl receptor, un emisor en potencia<br \/>\n<a href=\"http:\/\/www.bdp.org.ar\/facultad\/catedras\/comsoc\/redaccion1\/unidades\/2007\/05\/concepto_de_estrategia.php\">Concepto de Estrategia<\/a><br \/>\nEstrategias de pensamiento<br \/>\n<a href=\"http:\/\/www.bdp.org.ar\/facultad\/catedras\/comsoc\/redaccion1\/unidades\/2007\/05\/estrategias_de_produccion_t_ba.php\">Estrategias de producci\u00f3n<\/a><br \/>\nComplejos movimientos estrat\u00e9gicos<br \/>\n<a href=\"http:\/\/www.bdp.org.ar\/facultad\/catedras\/comsoc\/redaccion1\/unidades\/2007\/05\/estrategias_interactivas_y_pra.php\">Estrategias Interactivas y Pragm\u00e1ticas<\/a><br \/>\nPragm\u00e1tica<br \/>\nAustin<br \/>\nTipos de actos de habla<\/p>\n","protected":false},"excerpt":{"rendered":"<p>Como ya venimos anunciando, el 21 de junio tomaremos el primer Trabajo Pr\u00e1ctico Integrador de Redacci\u00f3n 1. Para que se gu\u00eden y puedan organizar mejor el estudio, les dejo el detalle de los temas y bibliograf\u00eda que se evaluar\u00e1n:<\/p>\n","protected":false},"author":27,"featured_media":0,"comment_status":"open","ping_status":"closed","sticky":false,"template":"","format":"standard","meta":{"footnotes":""},"categories":[20],"tags":[],"_links":{"self":[{"href":"https:\/\/redaccion1.fcpolit.unr.edu.ar\/comision-reviglio\/wp-json\/wp\/v2\/posts\/331"}],"collection":[{"href":"https:\/\/redaccion1.fcpolit.unr.edu.ar\/comision-reviglio\/wp-json\/wp\/v2\/posts"}],"about":[{"href":"https:\/\/redaccion1.fcpolit.unr.edu.ar\/comision-reviglio\/wp-json\/wp\/v2\/types\/post"}],"author":[{"embeddable":true,"href":"https:\/\/redaccion1.fcpolit.unr.edu.ar\/comision-reviglio\/wp-json\/wp\/v2\/users\/27"}],"replies":[{"embeddable":true,"href":"https:\/\/redaccion1.fcpolit.unr.edu.ar\/comision-reviglio\/wp-json\/wp\/v2\/comments?post=331"}],"version-history":[{"count":0,"href":"https:\/\/redaccion1.fcpolit.unr.edu.ar\/comision-reviglio\/wp-json\/wp\/v2\/posts\/331\/revisions"}],"wp:attachment":[{"href":"https:\/\/redaccion1.fcpolit.unr.edu.ar\/comision-reviglio\/wp-json\/wp\/v2\/media?parent=331"}],"wp:term":[{"taxonomy":"category","embeddable":true,"href":"https:\/\/redaccion1.fcpolit.unr.edu.ar\/comision-reviglio\/wp-json\/wp\/v2\/categories?post=331"},{"taxonomy":"post_tag","embeddable":true,"href":"https:\/\/redaccion1.fcpolit.unr.edu.ar\/comision-reviglio\/wp-json\/wp\/v2\/tags?post=331"}],"curies":[{"name":"wp","href":"https:\/\/api.w.org\/{rel}","templated":true}]}}