{"id":318,"date":"2011-04-27T10:37:44","date_gmt":"2011-04-27T10:37:44","guid":{"rendered":"http:\/\/fcpolit.unr.edu.ar\/blogs\/redaccion1-reviglio\/2011\/04\/27\/resumen-clase-del-26-de-abril\/"},"modified":"2011-04-27T10:37:44","modified_gmt":"2011-04-27T10:37:44","slug":"resumen-clase-del-26-de-abril","status":"publish","type":"post","link":"https:\/\/redaccion1.fcpolit.unr.edu.ar\/comision-reviglio\/2011\/04\/27\/resumen-clase-del-26-de-abril\/","title":{"rendered":"Resumen clase del 26 de abril"},"content":{"rendered":"<p><img loading=\"lazy\" decoding=\"async\" alt=\"La%20pieza%20de%20Van%20Gogh.jpg\" src=\"http:\/\/www.bdp.org.ar\/facultad\/catedras\/comsoc\/redaccion1\/reviglio\/La%20pieza%20de%20Van%20Gogh.jpg\" width=\"257\" height=\"196\" \/><br \/>\nAyer tuvimos clase no obligatoria con pocos estudiantes. Avanzamos sobre los temas de lectura: concepto, teor\u00edas, comprensi\u00f3n, tareas de lector y entre todos analizamos c\u00f3mo se realizan esas tareas a partir de un ejercicio con <a href=\"http:\/\/www.bdp.org.ar\/facultad\/catedras\/comsoc\/redaccion1\/reviglio\/2011\/04\/para_trabajar_manana_en_clase.php#more\">un texto de Eduardo Galeano<\/a>.<\/p>\n<p><!--more--><br \/>\nNos quedaron para la pr\u00f3xima clase el tema \u201cFactores de comprensi\u00f3n\u201d. Con ello, daremos por terminado el tema de lectura (unidad 2)<br \/>\nPara ello, les sugiero que repasen los siguientes textos sobre lectura:<br \/>\n<a href=\"http:\/\/www.bdp.org.ar\/facultad\/catedras\/comsoc\/redaccion1\/unidades\/2008\/03\/la_comprension_y_la_estructura.php\">La comprensi\u00f3n y la estructura de los textos<\/a><br \/>\n<a href=\"http:\/\/www.bdp.org.ar\/facultad\/catedras\/comsoc\/redaccion1\/unidades\/2008\/03\/la_estructura_de_los_textos_y.php\">La estructura de los textos y la comprensi\u00f3n<\/a><br \/>\n<a href=\"http:\/\/www.bdp.org.ar\/facultad\/catedras\/comsoc\/redaccion1\/unidades\/2008\/03\/estados_afectivos_cognitivos_y.php\">Estados afectivos, cognitivos y metacognitivos<\/a><br \/>\n<a href=\"http:\/\/www.bdp.org.ar\/facultad\/catedras\/comsoc\/redaccion1\/reviglio\/2009\/06\/la_influencia_de_los_formatos.php\">La influencia de los soportes textuales&#8230;.<\/a><br \/>\n<a href=\"http:\/\/www.bdp.org.ar\/facultad\/catedras\/comsoc\/redaccion1\/unidades\/2011\/03\/habilidades_ciberdiscursivas.php\">Habilidades ciberdiscursivas<\/a><br \/>\nAsimismo, para abordar el tema de Modelo de Producci\u00f3n, les recomiendo la lectura de:<br \/>\n<a href=\"http:\/\/www.bdp.org.ar\/facultad\/catedras\/comsoc\/redaccion1\/unidades\/2003\/04\/la_escritura_como_proceso_cogn.php\">\u201cLa escritura como proceso cognitivo y comunicativo\u201d <\/a><br \/>\n\u201c<a href=\"http:\/\/www.bdp.org.ar\/facultad\/catedras\/comsoc\/redaccion1\/unidades\/2003\/04\/un_modelo_teorico_para_entende.php\">Un modelo te\u00f3rico para entender el mundo del escritor<\/a>\u201d<br \/>\n\u201c<a href=\"http:\/\/www.bdp.org.ar\/facultad\/catedras\/comsoc\/redaccion1\/unidades\/2003\/04\/memorias_a_largo_plazo_y_a_cor.php\">Memoria a largo plazo y a corto plazo<\/a>\u201d<br \/>\n\u201c<a href=\"http:\/\/www.bdp.org.ar\/facultad\/catedras\/comsoc\/redaccion1\/unidades\/2003\/04\/la_complejidad_de_la_memoria.php\">La complejidad de la memoria<\/a>\u201d<br \/>\nM\u00e1s tarde, le\u00edmos algunos trabajos sobre lectura de escritor, sacamos conclusiones acerca de las caracter\u00edsticas de las noticias, discutimos algunas pocas noticias de la semana (ya que el tiempo se nos escap\u00f3 casi sin darnos cuenta) y ensayamos la redacci\u00f3n de un primer p\u00e1rrafo noticioso a partir de la idea de lid.<br \/>\nPara avanzar en el tema de noticia, les propongo las siguientes lecturas:<br \/>\n<a href=\"http:\/\/www.bdp.org.ar\/facultad\/catedras\/comsoc\/redaccion1\/unidades\/2008\/03\/noticia_directa_1.php\">Noticia directa<\/a><br \/>\n<a href=\"http:\/\/www.bdp.org.ar\/facultad\/catedras\/comsoc\/redaccion1\/unidades\/2008\/03\/pautas_para_la_redaccion_de_no.php\">Pautas para la redacci\u00f3n de la nota informativa<\/a><br \/>\n<a href=\"http:\/\/www.bdp.org.ar\/facultad\/catedras\/comsoc\/redaccion1\/unidades\/2008\/03\/los_elementos_que_integran_la.php\">Los elementos que integran la noticia<\/a><br \/>\n<a href=\"http:\/\/www.bdp.org.ar\/facultad\/catedras\/comsoc\/redaccion1\/unidades\/2008\/03\/ventajas_de_la_piramide_invert.php\">Ventajas de la pir\u00e1mide invertida<\/a><br \/>\n<a href=\"http:\/\/www.bdp.org.ar\/facultad\/catedras\/comsoc\/redaccion1\/unidades\/2008\/03\/el_lid_la_entrada_de_la_notici.php\">El lid: entrada de la noticia<\/a><br \/>\nTrabajos para ir adelantando:<br \/>\n<a href=\"http:\/\/www.bdp.org.ar\/facultad\/catedras\/comsoc\/redaccion1\/unidades\/2008\/03\/asumir_la_actitud_de_lector.php\">Trabajo Pr\u00e1ctico N\u00b04: \u201cAsumir la actitud del lector\u201d<\/a><br \/>\nFecha de entrega m\u00e1xima: <strong>Lunes 2 de mayo <\/strong>por mail al correo electr\u00f3nico de la profesora<br \/>\n<a href=\"http:\/\/www.bdp.org.ar\/facultad\/catedras\/comsoc\/redaccion1\/reviglio\/2010\/04\/las_tareas_del_lector_hipertex.php\">Trabajo Pr\u00e1ctico N\u00b0 5: \u201cTareas del lector hipertextual\u201d.<\/a><br \/>\nRecomiendo la lectura del texto <a href=\"http:\/\/www.bdp.org.ar\/facultad\/catedras\/comsoc\/redaccion1\/unidades\/2011\/03\/habilidades_ciberdiscursivas.php\">Habilidades ciberdiscursivas<\/a> para resolver este pr\u00e1ctico.<br \/>\nEste es un trabajo que aborda varios de los temas de la unidad dos. Por ello, si bien est\u00e1n en condiciones de resolver algunas de las consignas, no es posible a\u00fan hacerlo con todas. De todas formas, les dejo la consigna en caso de que quieran ir adelantando parte del trabajo.<br \/>\nFecha de entrega: <strong>Lunes 9 de mayo <\/strong>por mail al correo electr\u00f3nico de la profesora.<\/p>\n","protected":false},"excerpt":{"rendered":"<p>Ayer tuvimos clase no obligatoria con pocos estudiantes. Avanzamos sobre los temas de lectura: concepto, teor\u00edas, comprensi\u00f3n, tareas de lector y entre todos analizamos c\u00f3mo se realizan esas tareas a partir de un ejercicio con un texto de Eduardo Galeano.<\/p>\n","protected":false},"author":27,"featured_media":0,"comment_status":"open","ping_status":"closed","sticky":false,"template":"","format":"standard","meta":{"footnotes":""},"categories":[18],"tags":[],"_links":{"self":[{"href":"https:\/\/redaccion1.fcpolit.unr.edu.ar\/comision-reviglio\/wp-json\/wp\/v2\/posts\/318"}],"collection":[{"href":"https:\/\/redaccion1.fcpolit.unr.edu.ar\/comision-reviglio\/wp-json\/wp\/v2\/posts"}],"about":[{"href":"https:\/\/redaccion1.fcpolit.unr.edu.ar\/comision-reviglio\/wp-json\/wp\/v2\/types\/post"}],"author":[{"embeddable":true,"href":"https:\/\/redaccion1.fcpolit.unr.edu.ar\/comision-reviglio\/wp-json\/wp\/v2\/users\/27"}],"replies":[{"embeddable":true,"href":"https:\/\/redaccion1.fcpolit.unr.edu.ar\/comision-reviglio\/wp-json\/wp\/v2\/comments?post=318"}],"version-history":[{"count":0,"href":"https:\/\/redaccion1.fcpolit.unr.edu.ar\/comision-reviglio\/wp-json\/wp\/v2\/posts\/318\/revisions"}],"wp:attachment":[{"href":"https:\/\/redaccion1.fcpolit.unr.edu.ar\/comision-reviglio\/wp-json\/wp\/v2\/media?parent=318"}],"wp:term":[{"taxonomy":"category","embeddable":true,"href":"https:\/\/redaccion1.fcpolit.unr.edu.ar\/comision-reviglio\/wp-json\/wp\/v2\/categories?post=318"},{"taxonomy":"post_tag","embeddable":true,"href":"https:\/\/redaccion1.fcpolit.unr.edu.ar\/comision-reviglio\/wp-json\/wp\/v2\/tags?post=318"}],"curies":[{"name":"wp","href":"https:\/\/api.w.org\/{rel}","templated":true}]}}