{"id":315,"date":"2011-04-19T18:30:59","date_gmt":"2011-04-19T18:30:59","guid":{"rendered":"http:\/\/fcpolit.unr.edu.ar\/blogs\/redaccion1-reviglio\/2011\/04\/19\/resumen-segundo-dia-de-clases\/"},"modified":"2011-04-19T18:30:59","modified_gmt":"2011-04-19T18:30:59","slug":"resumen-segundo-dia-de-clases","status":"publish","type":"post","link":"https:\/\/redaccion1.fcpolit.unr.edu.ar\/comision-reviglio\/2011\/04\/19\/resumen-segundo-dia-de-clases\/","title":{"rendered":"Resumen segundo d\u00eda de clases"},"content":{"rendered":"<p>Hoy comenzamos la segunda clase de Redacci\u00f3n con una revisi\u00f3n de los errores comunes en los trabajos pr\u00e1cticos de presentaci\u00f3n. Luego de ello, comenzamos con los temas del d\u00eda. Trabajamos sobre la idea de la escritura como una actividad compleja, la necesidad de reconocer las diferencias entre la oralidad y la escritura, analizamos que la lengua era un arma para ejercer poder en la sociedad y vimos c\u00f3mo leer y escribir son procesos inseparables. Sobre esto \u00faltimo, revisamos los conceptos de <a href=\"http:\/\/www.bdp.org.ar\/facultad\/catedras\/comsoc\/redaccion1\/unidades\/2003\/04\/prosas_de_escritor_y_de_lector.php\">aprendizaje espont\u00e1neo y aprendizaje comprometido y de prosas de lector y de escritor <\/a>del espa\u00f1ol Daniel Cassany.<\/p>\n<p><!--more--><br \/>\nPara profundizar y comenzar a experimentar la actividad de leer como un escritor, hay que resolver el <a href=\"http:\/\/www.bdp.org.ar\/facultad\/catedras\/comsoc\/redaccion1\/reviglio\/2011\/04\/trabajo_practicon_3_lectura_de.php#more\">Trabajo Pr\u00e1ctico N\u00b03 \u201cLectura de escritor 2\u201d<\/a>.<br \/>\nA continuaci\u00f3n, trabajamos los diferentes conceptos de lectura y la idea de lector como un sujeto activo que le asigna significado a los textos a partir de los datos \/ indicios que el texto le aporta y de su conocimiento de mundo.<br \/>\nUna vez finalizada esta parte de la clase, pasamos a la exposici\u00f3n de las noticias que cada uno hab\u00eda le\u00eddo y valorado en la semana. Evidentemente hubo un error en la consigna, ya que la mayor\u00eda trajo a la clase solamente los titulares de los diarios. La idea de este espacio es que cada uno pueda llevar a la clase informaci\u00f3n sobre los hechos noticiosos m\u00e1s importantes de la semana para exponer oralmente e intercambiar con los compa\u00f1eros.<br \/>\nA partir de las propuestas de varios compa\u00f1eros, pudimos inferir diversos criterios de selecci\u00f3n:<br \/>\n1)\tlas noticias que fueron publicadas en tapa<br \/>\n2)\tlas noticias a las que los diarios les otorgaron mayor espacio<br \/>\n3)\tlas noticias que afectan a mayor cantidad de personas<br \/>\n4)\tlas noticias que se extendieron a lo largo de varios d\u00edas<br \/>\n5)\tlas noticias que fueron m\u00e1s comentadas en otros medios<br \/>\n6)\tlas noticias que tuvieron m\u00e1s repercusi\u00f3n: una compa\u00f1era hizo una suerte de sondeo familiar para investigar qu\u00e9 temas hab\u00edan parecido m\u00e1s importantes y otra reconoci\u00f3 la importancia de una noticia al escuchar en diferentes \u00e1mbitos hablar de ella.<br \/>\nLa semana siguiente seguiremos trabajando sobre el tema de las noticias, por lo cual todos deben llevar a la clase la informaci\u00f3n necesaria para exponer y luego escribir sobre las mismas.<br \/>\n<a href=\"http:\/\/www.bdp.org.ar\/facultad\/catedras\/comsoc\/redaccion1\/unidades\/2008\/03\/la_lectura_como_proceso_cognit.php\">La lectura como proceso cognitivo y comunicativo<\/a><br \/>\n<a href=\"http:\/\/www.bdp.org.ar\/facultad\/catedras\/comsoc\/redaccion1\/unidades\/2008\/07\/que_es_leer.php\">\u00bfQu\u00e9 es leer?<\/a><br \/>\n<a href=\"http:\/\/www.bdp.org.ar\/facultad\/catedras\/comsoc\/redaccion1\/unidades\/2008\/05\/el_proceso_de_lectura_una_acti.php\">El proceso de lectura&#8230;<\/a><br \/>\n<a href=\"http:\/\/www.bdp.org.ar\/facultad\/catedras\/comsoc\/redaccion1\/unidades\/2008\/03\/comprension_proceso_cognitivo.php\">Compresi\u00f3n: proceso cognitivo estrat\u00e9gico<\/a><br \/>\n<a href=\"http:\/\/www.bdp.org.ar\/facultad\/catedras\/comsoc\/redaccion1\/unidades\/2008\/03\/estrategias_y_tareas_de_la_com.php\">Estrategias y tareas de la comprensi\u00f3n lectora<\/a><a href=\"http:\/\/www.bdp.org.ar\/facultad\/catedras\/comsoc\/redaccion1\/unidades\/2008\/03\/las_tareas_de_los_lectores.php\">Las tareas de los lectores<\/a><br \/>\n<a href=\"http:\/\/www.bdp.org.ar\/facultad\/catedras\/comsoc\/redaccion1\/unidades\/2008\/03\/una_maquina_de_hacer_inferenci.php\">Las inferencias<\/a><br \/>\n<a href=\"http:\/\/www.bdp.org.ar\/facultad\/catedras\/comsoc\/redaccion1\/unidades\/2008\/03\/la_comprension_y_la_estructura.php\">La comprensi\u00f3n y la estructura de los textos<\/a><a href=\"http:\/\/www.bdp.org.ar\/facultad\/catedras\/comsoc\/redaccion1\/unidades\/2008\/03\/la_estructura_de_los_textos_y.php\">La estructura de los textos y la comprensi\u00f3n<\/a><br \/>\n<a href=\"http:\/\/www.bdp.org.ar\/facultad\/catedras\/comsoc\/redaccion1\/unidades\/2008\/03\/estados_afectivos_cognitivos_y.php\">Estados afectivos, cognitivos y metacognitivos<\/a><br \/>\n<a href=\"http:\/\/www.bdp.org.ar\/facultad\/catedras\/comsoc\/redaccion1\/unidades\/2008\/06\/sobre_la_lectura.php\">Sobre la lectura<\/a><br \/>\n<a href=\"http:\/\/www.bdp.org.ar\/facultad\/catedras\/comsoc\/redaccion1\/reviglio\/2009\/06\/la_influencia_de_los_formatos.php\">La influencia de los soportes textuales&#8230;.<\/a><a href=\"http:\/\/www.bdp.org.ar\/facultad\/catedras\/comsoc\/redaccion1\/unidades\/2011\/03\/habilidades_ciberdiscursivas.php\">Habilidades ciberdiscursivas<\/a><\/p>\n","protected":false},"excerpt":{"rendered":"<p>Hoy comenzamos la segunda clase de Redacci\u00f3n con una revisi\u00f3n de los errores comunes en los trabajos pr\u00e1cticos de presentaci\u00f3n. Luego de ello, comenzamos con los temas del d\u00eda. Trabajamos sobre la idea de la escritura como una actividad compleja, la necesidad de reconocer las diferencias entre la oralidad y la escritura, analizamos que la [&hellip;]<\/p>\n","protected":false},"author":27,"featured_media":0,"comment_status":"open","ping_status":"closed","sticky":false,"template":"","format":"standard","meta":{"footnotes":""},"categories":[18],"tags":[],"_links":{"self":[{"href":"https:\/\/redaccion1.fcpolit.unr.edu.ar\/comision-reviglio\/wp-json\/wp\/v2\/posts\/315"}],"collection":[{"href":"https:\/\/redaccion1.fcpolit.unr.edu.ar\/comision-reviglio\/wp-json\/wp\/v2\/posts"}],"about":[{"href":"https:\/\/redaccion1.fcpolit.unr.edu.ar\/comision-reviglio\/wp-json\/wp\/v2\/types\/post"}],"author":[{"embeddable":true,"href":"https:\/\/redaccion1.fcpolit.unr.edu.ar\/comision-reviglio\/wp-json\/wp\/v2\/users\/27"}],"replies":[{"embeddable":true,"href":"https:\/\/redaccion1.fcpolit.unr.edu.ar\/comision-reviglio\/wp-json\/wp\/v2\/comments?post=315"}],"version-history":[{"count":0,"href":"https:\/\/redaccion1.fcpolit.unr.edu.ar\/comision-reviglio\/wp-json\/wp\/v2\/posts\/315\/revisions"}],"wp:attachment":[{"href":"https:\/\/redaccion1.fcpolit.unr.edu.ar\/comision-reviglio\/wp-json\/wp\/v2\/media?parent=315"}],"wp:term":[{"taxonomy":"category","embeddable":true,"href":"https:\/\/redaccion1.fcpolit.unr.edu.ar\/comision-reviglio\/wp-json\/wp\/v2\/categories?post=315"},{"taxonomy":"post_tag","embeddable":true,"href":"https:\/\/redaccion1.fcpolit.unr.edu.ar\/comision-reviglio\/wp-json\/wp\/v2\/tags?post=315"}],"curies":[{"name":"wp","href":"https:\/\/api.w.org\/{rel}","templated":true}]}}