{"id":311,"date":"2011-04-11T14:56:36","date_gmt":"2011-04-11T14:56:36","guid":{"rendered":"http:\/\/fcpolit.unr.edu.ar\/blogs\/redaccion1-reviglio\/2011\/04\/11\/trabajo-practico-n-1-presentacion\/"},"modified":"2011-04-11T14:56:36","modified_gmt":"2011-04-11T14:56:36","slug":"trabajo-practico-n-1-presentacion","status":"publish","type":"post","link":"https:\/\/redaccion1.fcpolit.unr.edu.ar\/comision-reviglio\/2011\/04\/11\/trabajo-practico-n-1-presentacion\/","title":{"rendered":"Trabajo Pr\u00e1ctico N\u00b0 1: Presentaci\u00f3n"},"content":{"rendered":"<p><img loading=\"lazy\" decoding=\"async\" alt=\"autorretrato_2.jpg\" src=\"http:\/\/www.bdp.org.ar\/facultad\/catedras\/comsoc\/redaccion1\/reviglio\/autorretrato_2.jpg\" width=\"163\" height=\"160\" \/><br \/>\nEl objetivo de este trabajo es comenzar a conocernos y, adem\u00e1s, hacer una evaluaci\u00f3n diagn\u00f3stica del nivel de redacci\u00f3n de cada uno.<br \/>\nEn funci\u00f3n del primer objetivo, cada uno podr\u00e1 elegir\u00e1 el modo en que quiera presentarse. Les dejo algunas pistas, ideas o preguntas a partir de las que pueden comenzar a escribir:<\/p>\n<p><!--more--><br \/>\nDescripci\u00f3n f\u00edsica<br \/>\nDescripci\u00f3n de personalidad o car\u00e1cter<br \/>\nBreve autobiograf\u00eda: d\u00f3nde nacieron, c\u00f3mo est\u00e1n compuestas sus familias, a qu\u00e9 escuela asistieron, etc.<br \/>\nActividades que realizan: pasatiempos, otros estudios, trabajos, etc.<br \/>\nUna descripci\u00f3n f\u00edsica<br \/>\nAlguna an\u00e9cdota que sirva para dar cuenta del car\u00e1cter, o de la personalidad de cada uno.<br \/>\nAlgo importante que les haya sucedido en la vida<br \/>\nCualquier otra cosa que quieran contar de ustedes<br \/>\nTengan en cuenta que en relaci\u00f3n con la materia es importante que puedan escribir sobre la relaci\u00f3n con la lectura: cantidad, calidad, gustos, etc, as\u00ed como tambi\u00e9n alg\u00fan p\u00e1rrafo sobre la relaci\u00f3n que tienen con las tecnolog\u00edas de comunicaci\u00f3n: cu\u00e1les usan, para qu\u00e9 las usan, cu\u00e1nto conocen del mundo de la tecnolog\u00eda, etc.<br \/>\n<strong>Fecha de entrega<\/strong>: Viernes 15 de abril<br \/>\n<strong>Modalidad de entrega<\/strong>: El trabajo se enviar\u00e1 al correo de la docente (ceciliareviglio@arnet.com.ar) en archivo de word adjunto. Por favor, usar archivos con extensi\u00f3n .rtf o .doc<br \/>\nRevisar el <a href=\"http:\/\/www.bdp.org.ar\/facultad\/catedras\/comsoc\/redaccion1\/reviglio\/2011\/04\/consideraciones_e_instruccione.php#more\">texto con indicaciones <\/a>para la entrega de trabajos.<br \/>\n<em>Imagen: Figurita repetida (Autorretrato), 2010 &#8211; Acr\u00edlico s\/tela, 70 x 70 cm. Disponible en<br \/>\nhttp:\/\/martaiballesteros.blogspot.com\/2010\/06\/boedo-libre-3-de-junio-de-2009-ix.html<\/em><\/p>\n","protected":false},"excerpt":{"rendered":"<p>El objetivo de este trabajo es comenzar a conocernos y, adem\u00e1s, hacer una evaluaci\u00f3n diagn\u00f3stica del nivel de redacci\u00f3n de cada uno. En funci\u00f3n del primer objetivo, cada uno podr\u00e1 elegir\u00e1 el modo en que quiera presentarse. Les dejo algunas pistas, ideas o preguntas a partir de las que pueden comenzar a escribir:<\/p>\n","protected":false},"author":27,"featured_media":0,"comment_status":"open","ping_status":"closed","sticky":false,"template":"","format":"standard","meta":{"footnotes":""},"categories":[39],"tags":[],"_links":{"self":[{"href":"https:\/\/redaccion1.fcpolit.unr.edu.ar\/comision-reviglio\/wp-json\/wp\/v2\/posts\/311"}],"collection":[{"href":"https:\/\/redaccion1.fcpolit.unr.edu.ar\/comision-reviglio\/wp-json\/wp\/v2\/posts"}],"about":[{"href":"https:\/\/redaccion1.fcpolit.unr.edu.ar\/comision-reviglio\/wp-json\/wp\/v2\/types\/post"}],"author":[{"embeddable":true,"href":"https:\/\/redaccion1.fcpolit.unr.edu.ar\/comision-reviglio\/wp-json\/wp\/v2\/users\/27"}],"replies":[{"embeddable":true,"href":"https:\/\/redaccion1.fcpolit.unr.edu.ar\/comision-reviglio\/wp-json\/wp\/v2\/comments?post=311"}],"version-history":[{"count":0,"href":"https:\/\/redaccion1.fcpolit.unr.edu.ar\/comision-reviglio\/wp-json\/wp\/v2\/posts\/311\/revisions"}],"wp:attachment":[{"href":"https:\/\/redaccion1.fcpolit.unr.edu.ar\/comision-reviglio\/wp-json\/wp\/v2\/media?parent=311"}],"wp:term":[{"taxonomy":"category","embeddable":true,"href":"https:\/\/redaccion1.fcpolit.unr.edu.ar\/comision-reviglio\/wp-json\/wp\/v2\/categories?post=311"},{"taxonomy":"post_tag","embeddable":true,"href":"https:\/\/redaccion1.fcpolit.unr.edu.ar\/comision-reviglio\/wp-json\/wp\/v2\/tags?post=311"}],"curies":[{"name":"wp","href":"https:\/\/api.w.org\/{rel}","templated":true}]}}