{"id":31,"date":"2006-05-26T18:14:23","date_gmt":"2006-05-26T18:14:23","guid":{"rendered":"http:\/\/fcpolit.unr.edu.ar\/blogs\/redaccion1-reviglio\/2006\/05\/26\/taller-de-lectura-n-7\/"},"modified":"2006-05-26T18:14:23","modified_gmt":"2006-05-26T18:14:23","slug":"taller-de-lectura-n-7","status":"publish","type":"post","link":"https:\/\/redaccion1.fcpolit.unr.edu.ar\/comision-reviglio\/2006\/05\/26\/taller-de-lectura-n-7\/","title":{"rendered":"Taller de lectura N\u00b0 7"},"content":{"rendered":"<p><img loading=\"lazy\" decoding=\"async\" alt=\"Ojo con letras.jpg\" src=\"http:\/\/www.dialogica.com.ar\/unr\/redaccion1\/cecilia\/archivos\/Ojo con letras.jpg\" width=\"120\" height=\"114\" hspace=\"10\" \/><br \/>\n<em>Publicado por Cristi\u00e1n D&#8217;Agostino<\/em><br \/>\nPara cerrar los temas que estuvimos trabajando en los \u00faltimos talleres de lectura, les propongo esta actividad a partir de la noticia \u201cDos heridos y dos detenidos por una reyerta en un bar\u201d, publicada en el Diario La Capital del 23 de mayo de 2006.<br \/>\nUna cosa  m\u00e1s, de ahora en adelante, para consultar o entregarme trabajos atrasados del TALLER DE LECTURA, pueden hacerlo a cristianr1_2006@hotmail.com<\/p>\n<p><!--more--><br \/>\n<strong>Consignas:<\/strong><br \/>\n1.- Imprim\u00ed  la noticia \u201cDos heridos y dos detenidos por una reyerta en un bar\u201d publicada a continuaci\u00f3n y leela atentamente.<br \/>\n2.- Marc\u00e1 los elementos del CUERPO DE TITULARES (Cintillo, Volanta, Bajada de t\u00edtulo, T\u00edtulo y Copete) y los elementos del LID que encuentres (Qui\u00e9n, Qu\u00e9, D\u00f3nde, C\u00f3mo, C\u00faando y Por \/ Para qu\u00e9).<br \/>\n3.- En el CUERPO NOTICIOSO fijate si aparece informaci\u00f3n del CONTEXTO o de ANTECEDENTES respecto a la noticia y marcala. Tambi\u00e9n se\u00f1al\u00e1 si el hecho desencaden\u00f3 alguna REACCI\u00d3N VERBAL y prest\u00e1 atenci\u00f3n a c\u00f3mo est\u00e1 citada.<br \/>\n<strong>Dos heridos y dos detenidos por una reyerta en un bar <\/strong><br \/>\n<em>La pelea se origin\u00f3 en el interior de Urban y sigui\u00f3 afuera. Un hombre fue acuchillado y otro golpeado <\/em><br \/>\nDos hombres resultaron heridos en una pelea que se desat\u00f3 en la madrugada de ayer en un bar situado en el centro de la ciudad. El incidente ocurri\u00f3 en el marco de los operativos reforzados de la Municipalidad para controlar la noche rosarina los fines de semana, aunque en este caso intervino la polic\u00eda que detuvo a dos j\u00f3venes que presuntamente participaban de la pelea. Las personas lastimadas debieron ser internadas en el hospital de Emergencias.<br \/>\nEl violento episodio ocurri\u00f3 en Urban, un local habilitado como bar ubicado en Tucum\u00e1n al 1000, donde los incidentes son frecuentes, seg\u00fan report\u00f3 la polic\u00eda en varias ocasiones. Cerca de las 5 de ayer, seg\u00fan coincidieron una fuente policial y un vocero de la Guardia Urbana Municipal (GUM), dos grupos de hombres que estaban en el interior del local comenzaron una reyerta por motivos que al cierre de esta edici\u00f3n no hab\u00edan sido precisados.<br \/>\nAl parecer, los contendientes decidieron continuar la pelea fuera del local. Los uniformados que acudieron al boliche tras ser convocados por un llamado telef\u00f3nico sorprendieron a los dos bandos en medio de la gresca. Un rato despu\u00e9s arribaron agentes de la GUM. &#8220;Cuando llegamos ya hab\u00eda intervenido la polic\u00eda&#8221;, se\u00f1al\u00f3 el director de esta repartici\u00f3n municipal, Claudio Canalis.<br \/>\nCuando lograron controlar los exaltados \u00e1nimos de los contrincantes, los agentes advirtieron que dos de los hombres que participaban de la gresca est\u00e1n heridos. A uno de ellos identificado como Walter R., de 32 a\u00f1os, le hab\u00edan desfigurado la cara a trompadas. &#8220;Le rompieron la nariz y el labio&#8221;, coment\u00f3 el vocero policial.<br \/>\nEl otro hombre herido, Cristian G., recibi\u00f3 la peor parte: un cuchillazo le atraves\u00f3 la clav\u00edcula derecha. Las dos v\u00edctimas de la reyerta debieron ser internadas en el Hospital de Emergencias. En tanto, otros dos hombres que participaron de la batahola terminaron presos en la seccional 3\u00aa. Fueron identificados como Ram\u00f3n Mart\u00edn B., de 31 a\u00f1os, y Sebasti\u00e1n B., de 20.<br \/>\nUna fuente de la GUM indic\u00f3 que Urban fue clausurado en varias oportunidades por diversas infracciones a las normas municipales que regulan el funcionamiento de este tipo de comercios. En realidad, el de ayer no fue el \u00fanico incidente que se registr\u00f3 entre grupos de j\u00f3venes. Canalis cont\u00f3 que la madrugada del domingo agentes del GUM debieron actuar para disuadir a dos bandas de muchachos que se peleaban en Ovidio Lagos y G\u00fcemes.<br \/>\nPublicado en Diario La Capital &#8211; 23 de mayo de 2006<\/p>\n","protected":false},"excerpt":{"rendered":"<p>Publicado por Cristi\u00e1n D&#8217;Agostino Para cerrar los temas que estuvimos trabajando en los \u00faltimos talleres de lectura, les propongo esta actividad a partir de la noticia \u201cDos heridos y dos detenidos por una reyerta en un bar\u201d, publicada en el Diario La Capital del 23 de mayo de 2006. Una cosa m\u00e1s, de ahora en [&hellip;]<\/p>\n","protected":false},"author":27,"featured_media":0,"comment_status":"open","ping_status":"closed","sticky":false,"template":"","format":"standard","meta":{"footnotes":""},"categories":[35],"tags":[],"_links":{"self":[{"href":"https:\/\/redaccion1.fcpolit.unr.edu.ar\/comision-reviglio\/wp-json\/wp\/v2\/posts\/31"}],"collection":[{"href":"https:\/\/redaccion1.fcpolit.unr.edu.ar\/comision-reviglio\/wp-json\/wp\/v2\/posts"}],"about":[{"href":"https:\/\/redaccion1.fcpolit.unr.edu.ar\/comision-reviglio\/wp-json\/wp\/v2\/types\/post"}],"author":[{"embeddable":true,"href":"https:\/\/redaccion1.fcpolit.unr.edu.ar\/comision-reviglio\/wp-json\/wp\/v2\/users\/27"}],"replies":[{"embeddable":true,"href":"https:\/\/redaccion1.fcpolit.unr.edu.ar\/comision-reviglio\/wp-json\/wp\/v2\/comments?post=31"}],"version-history":[{"count":0,"href":"https:\/\/redaccion1.fcpolit.unr.edu.ar\/comision-reviglio\/wp-json\/wp\/v2\/posts\/31\/revisions"}],"wp:attachment":[{"href":"https:\/\/redaccion1.fcpolit.unr.edu.ar\/comision-reviglio\/wp-json\/wp\/v2\/media?parent=31"}],"wp:term":[{"taxonomy":"category","embeddable":true,"href":"https:\/\/redaccion1.fcpolit.unr.edu.ar\/comision-reviglio\/wp-json\/wp\/v2\/categories?post=31"},{"taxonomy":"post_tag","embeddable":true,"href":"https:\/\/redaccion1.fcpolit.unr.edu.ar\/comision-reviglio\/wp-json\/wp\/v2\/tags?post=31"}],"curies":[{"name":"wp","href":"https:\/\/api.w.org\/{rel}","templated":true}]}}