{"id":302,"date":"2010-11-04T16:35:02","date_gmt":"2010-11-04T16:35:02","guid":{"rendered":"http:\/\/fcpolit.unr.edu.ar\/blogs\/redaccion1-reviglio\/2010\/11\/04\/aviso-literario\/"},"modified":"2010-11-04T16:35:02","modified_gmt":"2010-11-04T16:35:02","slug":"aviso-literario","status":"publish","type":"post","link":"https:\/\/redaccion1.fcpolit.unr.edu.ar\/comision-reviglio\/2010\/11\/04\/aviso-literario\/","title":{"rendered":"Aviso literario"},"content":{"rendered":"<p><img loading=\"lazy\" decoding=\"async\" alt=\"Chico%20y%20biblioteca.jpg\" src=\"http:\/\/www.bdp.org.ar\/facultad\/catedras\/comsoc\/redaccion1\/reviglio\/Chico%20y%20biblioteca.jpg\" width=\"107\" height=\"119\" \/><br \/>\n\u00a1Atenci\u00f3n! Tenemos un nuevo cuento publicado, tarde pero seguro. Se trata del relato escrito por Mariana Ruiz cuyo t\u00edtulo es <a href=\"http:\/\/enredaccion.bligoo.com.ar\/content\/view\/1078816\/Que-tan-dulce-es-la-venganza-taller-de-cuento.html#content-top\">&#8220;Qu\u00e9 tan dulce es la venganza&#8221;<\/a>.<\/p>\n<p><!--more--><br \/>\nLos invito a leerlo y a comentarlo, siguiendo las pautas expuestas en el texto <a href=\"http:\/\/www.bdp.org.ar\/facultad\/catedras\/comsoc\/redaccion1\/reviglio\/2010\/09\/el_arte_sutil_de_comentar_un_t.php#more\">&#8220;El arte sutil de comentar un texto de <em>jardines ajenos<\/em>&#8220;<\/a>. Recuerden que los comentarios se evaluan como una actividad m\u00e1s. Por lo tanto, queridos estudiantes, \u00a1a leer, a disfrutar y a comentar!<\/p>\n","protected":false},"excerpt":{"rendered":"<p>\u00a1Atenci\u00f3n! Tenemos un nuevo cuento publicado, tarde pero seguro. Se trata del relato escrito por Mariana Ruiz cuyo t\u00edtulo es &#8220;Qu\u00e9 tan dulce es la venganza&#8221;.<\/p>\n","protected":false},"author":27,"featured_media":0,"comment_status":"open","ping_status":"closed","sticky":false,"template":"","format":"standard","meta":{"footnotes":""},"categories":[20],"tags":[],"_links":{"self":[{"href":"https:\/\/redaccion1.fcpolit.unr.edu.ar\/comision-reviglio\/wp-json\/wp\/v2\/posts\/302"}],"collection":[{"href":"https:\/\/redaccion1.fcpolit.unr.edu.ar\/comision-reviglio\/wp-json\/wp\/v2\/posts"}],"about":[{"href":"https:\/\/redaccion1.fcpolit.unr.edu.ar\/comision-reviglio\/wp-json\/wp\/v2\/types\/post"}],"author":[{"embeddable":true,"href":"https:\/\/redaccion1.fcpolit.unr.edu.ar\/comision-reviglio\/wp-json\/wp\/v2\/users\/27"}],"replies":[{"embeddable":true,"href":"https:\/\/redaccion1.fcpolit.unr.edu.ar\/comision-reviglio\/wp-json\/wp\/v2\/comments?post=302"}],"version-history":[{"count":0,"href":"https:\/\/redaccion1.fcpolit.unr.edu.ar\/comision-reviglio\/wp-json\/wp\/v2\/posts\/302\/revisions"}],"wp:attachment":[{"href":"https:\/\/redaccion1.fcpolit.unr.edu.ar\/comision-reviglio\/wp-json\/wp\/v2\/media?parent=302"}],"wp:term":[{"taxonomy":"category","embeddable":true,"href":"https:\/\/redaccion1.fcpolit.unr.edu.ar\/comision-reviglio\/wp-json\/wp\/v2\/categories?post=302"},{"taxonomy":"post_tag","embeddable":true,"href":"https:\/\/redaccion1.fcpolit.unr.edu.ar\/comision-reviglio\/wp-json\/wp\/v2\/tags?post=302"}],"curies":[{"name":"wp","href":"https:\/\/api.w.org\/{rel}","templated":true}]}}