{"id":300,"date":"2010-11-03T10:32:46","date_gmt":"2010-11-03T10:32:46","guid":{"rendered":"http:\/\/fcpolit.unr.edu.ar\/blogs\/redaccion1-reviglio\/2010\/11\/03\/trabajo-practico-ensayo-argumentativo\/"},"modified":"2010-11-03T10:32:46","modified_gmt":"2010-11-03T10:32:46","slug":"trabajo-practico-ensayo-argumentativo","status":"publish","type":"post","link":"https:\/\/redaccion1.fcpolit.unr.edu.ar\/comision-reviglio\/2010\/11\/03\/trabajo-practico-ensayo-argumentativo\/","title":{"rendered":"Trabajo Pr\u00e1ctico: Ensayo argumentativo"},"content":{"rendered":"<p>El objetivo de este trabajo es redactar un texto argumentativo, a partir de la superestructura de Argumenaci\u00f3n secuencial.<\/p>\n<p><!--more--><br \/>\n1.- Estudiar la superestructura de la <a href=\"http:\/\/www.bdp.org.ar\/facultad\/catedras\/comsoc\/redaccion1\/unidades\/2008\/03\/superestructuras_argumentativa.php\">argumentaci\u00f3n secuencial <\/a>estudiada en la Unidad 6.<br \/>\n2.- Elegir un tema de actualidad sobre el cual tengan suficiente informaci\u00f3n para redactar un texto argumentativo.<br \/>\n3.- Planificar una argumentaci\u00f3n secuencial sobre el tema elegido. Esto supone explicitar en breves palabras:<br \/>\n<em>Punto de partida<br \/>\nProposici\u00f3n<br \/>\nArgumentos<br \/>\nConclusi\u00f3n<\/em><br \/>\n4.- Redactar el texto argumentativo de 20 l\u00edneas m\u00ednimo. Imprimir y llevar a la clase pr\u00f3xima para trabajar.<\/p>\n","protected":false},"excerpt":{"rendered":"<p>El objetivo de este trabajo es redactar un texto argumentativo, a partir de la superestructura de Argumenaci\u00f3n secuencial.<\/p>\n","protected":false},"author":27,"featured_media":0,"comment_status":"open","ping_status":"closed","sticky":false,"template":"","format":"standard","meta":{"footnotes":""},"categories":[39],"tags":[],"_links":{"self":[{"href":"https:\/\/redaccion1.fcpolit.unr.edu.ar\/comision-reviglio\/wp-json\/wp\/v2\/posts\/300"}],"collection":[{"href":"https:\/\/redaccion1.fcpolit.unr.edu.ar\/comision-reviglio\/wp-json\/wp\/v2\/posts"}],"about":[{"href":"https:\/\/redaccion1.fcpolit.unr.edu.ar\/comision-reviglio\/wp-json\/wp\/v2\/types\/post"}],"author":[{"embeddable":true,"href":"https:\/\/redaccion1.fcpolit.unr.edu.ar\/comision-reviglio\/wp-json\/wp\/v2\/users\/27"}],"replies":[{"embeddable":true,"href":"https:\/\/redaccion1.fcpolit.unr.edu.ar\/comision-reviglio\/wp-json\/wp\/v2\/comments?post=300"}],"version-history":[{"count":0,"href":"https:\/\/redaccion1.fcpolit.unr.edu.ar\/comision-reviglio\/wp-json\/wp\/v2\/posts\/300\/revisions"}],"wp:attachment":[{"href":"https:\/\/redaccion1.fcpolit.unr.edu.ar\/comision-reviglio\/wp-json\/wp\/v2\/media?parent=300"}],"wp:term":[{"taxonomy":"category","embeddable":true,"href":"https:\/\/redaccion1.fcpolit.unr.edu.ar\/comision-reviglio\/wp-json\/wp\/v2\/categories?post=300"},{"taxonomy":"post_tag","embeddable":true,"href":"https:\/\/redaccion1.fcpolit.unr.edu.ar\/comision-reviglio\/wp-json\/wp\/v2\/tags?post=300"}],"curies":[{"name":"wp","href":"https:\/\/api.w.org\/{rel}","templated":true}]}}