{"id":296,"date":"2010-10-15T09:31:47","date_gmt":"2010-10-15T09:31:47","guid":{"rendered":"http:\/\/fcpolit.unr.edu.ar\/blogs\/redaccion1-reviglio\/2010\/10\/15\/clase-del-12-de-octubre\/"},"modified":"2010-10-15T09:31:47","modified_gmt":"2010-10-15T09:31:47","slug":"clase-del-12-de-octubre","status":"publish","type":"post","link":"https:\/\/redaccion1.fcpolit.unr.edu.ar\/comision-reviglio\/2010\/10\/15\/clase-del-12-de-octubre\/","title":{"rendered":"Clase del 12 de octubre"},"content":{"rendered":"<p>El martes hemos retomado nuestros encuentros en el aula. Intentamos bucear un poco en la <a href=\"http:\/\/www.enredaccion.bligoo.com.ar\/\">nueva plataforma de publicaci\u00f3n <\/a>que la c\u00e1tedra ha puesto en funcionamiento este a\u00f1o con el objetivo de abrir un espacio donde los estudiantes puedan publicar sus propios textos. Como todo medio de publicaci\u00f3n, requiere de algunas pautas \u2013lo que en los medios tradicionales se llama \u201cPol\u00edtica editorial\u201d- por ello, tambi\u00e9n le\u00edmos y trabajamos sobre las <a href=\"http:\/\/www.bdp.org.ar\/facultad\/catedras\/comsoc\/redaccion1\/2010\/09\/condiciones_para_publicar_en_e.php#more\">condiciones de publicaci\u00f3n<\/a>. Como primera intervenci\u00f3n en el espacio, todos deben registrase para poder publicar y comentar. Les sugiero que en este tiempo sin clase, se aventuren en el espacio, lo investiguen y comiencen a apropi\u00e1rselo, ya que es un espacio colectivo. Lucas comenz\u00f3 a hacerlo, ya que ha publicado el cuento que escribi\u00f3 como resultado del \u00faltimo taller de lectura. Los invito a leer <a href=\"http:\/\/www.enredaccion.bligoo.com.ar\/content\/view\/1044388\/El-abismo.html\">el cuento <\/a>y a comentarlo.<\/p>\n<p><!--more--><br \/>\nSeguidamente a nuestros intentos de navegar por el bligoo, dimos espacio a la segunda edici\u00f3n del taller de lectura sobre cuento. Lucas, Mariana, Delfina Gentilini, Eugenio y Daniela son los responsables de escribir los cuentos. El resto, responsables absolutos de comentarios seg\u00fan las pautas dadas. Les recuerdo que faltan comentar todav\u00eda los <a href=\"http:\/\/www.bdp.org.ar\/facultad\/catedras\/comsoc\/redaccion1\/reviglio\/2010\/10\/una_actividad_sobre_unos_cuent.php#more\">tres cuentos publicados <\/a>en el blog y que ambas actividades \u2013redactar y comentar los cuentos- son trabajos pr\u00e1cticos evaluativos y, por tanto,  obligatorios.<br \/>\nPara aprovechar esta semana sin clase, les propongo la lectura de los siguientes textos:<br \/>\nTextos base: <a href=\"http:\/\/www.bdp.org.ar\/facultad\/catedras\/comsoc\/redaccion1\/unidades\/2008\/04\/superestructuras_narrativas.php\">\u201cSuperestructuras narrativas\u201d <\/a>y <a href=\"http:\/\/www.bdp.org.ar\/facultad\/catedras\/comsoc\/redaccion1\/unidades\/2008\/04\/entrecruzamiento_de_la_narraci.php\">\u201cEntrecruzamiento de la narraci\u00f3n con otros modos de construcci\u00f3n textual\u201d<\/a><br \/>\nTextos fuente: <a href=\"http:\/\/www.bdp.org.ar\/facultad\/catedras\/comsoc\/redaccion1\/unidades\/2008\/04\/estructuras_narrativas.php\">\u201cEstructuras narrativas \u201c<\/a>; <a href=\"http:\/\/www.bdp.org.ar\/facultad\/catedras\/comsoc\/redaccion1\/unidades\/2008\/04\/narrativas_natural_y_artificia.php\">\u201cNarrativa natural y artificial\u201d<\/a>; <a href=\"http:\/\/www.bdp.org.ar\/facultad\/catedras\/comsoc\/redaccion1\/unidades\/2008\/04\/textos_analizados_ejemplos_de.php\">\u201cTextos analizados\u2026\u201d<\/a>; <a href=\"http:\/\/www.bdp.org.ar\/facultad\/catedras\/comsoc\/redaccion1\/unidades\/2008\/07\/van_dijk_otro_esquema_de_notic.php\">\u201cVan Dijk: otro esquema de la noticia\u201d<\/a>.<br \/>\nTambi\u00e9n, la resoluci\u00f3n del <a href=\"http:\/\/www.bdp.org.ar\/facultad\/catedras\/comsoc\/redaccion1\/unidades\/2008\/07\/caribe_magico_1.php\">TP 21: \u201cMundo m\u00e1gico\u201d<\/a> y el <a href=\"http:\/\/www.bdp.org.ar\/facultad\/catedras\/comsoc\/redaccion1\/unidades\/2008\/07\/literatura_y_periodismo.php\">TP 22 \u201cLiteratura y periodismo\u201d<\/a> (Fecha de entrega de ambos trabajos jueves 21\/10)<br \/>\nRecordatorio: Nadie todav\u00eda ha entregado el TP 20: &#8220;Entrevista en el \u00e1mbito de la facultad&#8221;. Por otro lado, ya no recibo los TP 16 a 18.<\/p>\n","protected":false},"excerpt":{"rendered":"<p>El martes hemos retomado nuestros encuentros en el aula. Intentamos bucear un poco en la nueva plataforma de publicaci\u00f3n que la c\u00e1tedra ha puesto en funcionamiento este a\u00f1o con el objetivo de abrir un espacio donde los estudiantes puedan publicar sus propios textos. Como todo medio de publicaci\u00f3n, requiere de algunas pautas \u2013lo que en [&hellip;]<\/p>\n","protected":false},"author":27,"featured_media":0,"comment_status":"open","ping_status":"closed","sticky":false,"template":"","format":"standard","meta":{"footnotes":""},"categories":[18],"tags":[],"_links":{"self":[{"href":"https:\/\/redaccion1.fcpolit.unr.edu.ar\/comision-reviglio\/wp-json\/wp\/v2\/posts\/296"}],"collection":[{"href":"https:\/\/redaccion1.fcpolit.unr.edu.ar\/comision-reviglio\/wp-json\/wp\/v2\/posts"}],"about":[{"href":"https:\/\/redaccion1.fcpolit.unr.edu.ar\/comision-reviglio\/wp-json\/wp\/v2\/types\/post"}],"author":[{"embeddable":true,"href":"https:\/\/redaccion1.fcpolit.unr.edu.ar\/comision-reviglio\/wp-json\/wp\/v2\/users\/27"}],"replies":[{"embeddable":true,"href":"https:\/\/redaccion1.fcpolit.unr.edu.ar\/comision-reviglio\/wp-json\/wp\/v2\/comments?post=296"}],"version-history":[{"count":0,"href":"https:\/\/redaccion1.fcpolit.unr.edu.ar\/comision-reviglio\/wp-json\/wp\/v2\/posts\/296\/revisions"}],"wp:attachment":[{"href":"https:\/\/redaccion1.fcpolit.unr.edu.ar\/comision-reviglio\/wp-json\/wp\/v2\/media?parent=296"}],"wp:term":[{"taxonomy":"category","embeddable":true,"href":"https:\/\/redaccion1.fcpolit.unr.edu.ar\/comision-reviglio\/wp-json\/wp\/v2\/categories?post=296"},{"taxonomy":"post_tag","embeddable":true,"href":"https:\/\/redaccion1.fcpolit.unr.edu.ar\/comision-reviglio\/wp-json\/wp\/v2\/tags?post=296"}],"curies":[{"name":"wp","href":"https:\/\/api.w.org\/{rel}","templated":true}]}}