{"id":287,"date":"2010-09-10T15:26:55","date_gmt":"2010-09-10T15:26:55","guid":{"rendered":"http:\/\/fcpolit.unr.edu.ar\/blogs\/redaccion1-reviglio\/2010\/09\/10\/preparando-el-recuperatorio\/"},"modified":"2010-09-10T15:26:55","modified_gmt":"2010-09-10T15:26:55","slug":"preparando-el-recuperatorio","status":"publish","type":"post","link":"https:\/\/redaccion1.fcpolit.unr.edu.ar\/comision-reviglio\/2010\/09\/10\/preparando-el-recuperatorio\/","title":{"rendered":"Preparando el recuperatorio"},"content":{"rendered":"<p><img loading=\"lazy\" decoding=\"async\" alt=\"lapicera%20y%20datos.jpg\" src=\"http:\/\/www.bdp.org.ar\/facultad\/catedras\/comsoc\/redaccion1\/reviglio\/lapicera%20y%20datos.jpg\" width=\"116\" height=\"116\" \/><br \/>\nDados los <a href=\"http:\/\/www.bdp.org.ar\/facultad\/catedras\/comsoc\/redaccion1\/reviglio\/2010\/09\/notas_trabajo_practico_integra_7.php#more\">resultados del 2\u00ba TP Integrador <\/a>y dada la situaci\u00f3n por la que no tendremos clase antes del recuperatorio, me gustar\u00eda hacer algunos comentarios generales respecto de las consignas evaluadas.<\/p>\n<p><!--more--><br \/>\nRespecto de las consignas, van algunas aclaraciones:<br \/>\n1) Planificar seg\u00fan la superestructura, supone hacerlo antes de escribir el texto y supone, tambi\u00e9n usar las categor\u00edas superestructurales que estudiamos en la unidad 4 (tanto de noticia como de instrucciones)<br \/>\n2) Explicar los modos en que se aplicaron los factores de coherencia, no se reduce a nombrarlos y decir que est\u00e1n presentes en el texto. Esto no supone ning\u00fan an\u00e1lisis. Hay que explicarlo, dar cuenta de eso. Por ejemplo, no es suficiente decir que es coherente porque tiene superestructura de noticia. Sino que hay que explicar en qu\u00e9 consiste esa superestructura, c\u00f3mo se distribuy\u00f3 la informaci\u00f3n seg\u00fan las categor\u00edas, por qu\u00e9 se eligi\u00f3 esa superestructura, etc&#8230;.<br \/>\n3) \u00cddem para la pregunta sobre Charolles.<br \/>\n4) Se\u00f1alar y explicar mecanismos de cohesi\u00f3n supone eso: se\u00f1alar y explicar qu\u00e9 son. Les recuerdo que en el caso de las relaciones anaf\u00f3ricas y cataf\u00f3ricas, tienen que se\u00f1alar los dos t\u00e9rminos que entran en relaci\u00f3n. Si s\u00f3lo se\u00f1alan uno, no dan cuenta de la relaci\u00f3n, precisamente. Una relaci\u00f3n siempre tiene, al menos, dos t\u00e9rminos.<br \/>\n5) Cuando se pregunta por las macrorreglas, se espera que puedan explicar c\u00f3mo funcionan. De la misma manera, cuando se pide que las apliquen, deben dar cuenta del proceso en la hoja del examen. No alcanza con exponer el resultado.<\/p>\n","protected":false},"excerpt":{"rendered":"<p>Dados los resultados del 2\u00ba TP Integrador y dada la situaci\u00f3n por la que no tendremos clase antes del recuperatorio, me gustar\u00eda hacer algunos comentarios generales respecto de las consignas evaluadas.<\/p>\n","protected":false},"author":27,"featured_media":0,"comment_status":"open","ping_status":"closed","sticky":false,"template":"","format":"standard","meta":{"footnotes":""},"categories":[20],"tags":[],"_links":{"self":[{"href":"https:\/\/redaccion1.fcpolit.unr.edu.ar\/comision-reviglio\/wp-json\/wp\/v2\/posts\/287"}],"collection":[{"href":"https:\/\/redaccion1.fcpolit.unr.edu.ar\/comision-reviglio\/wp-json\/wp\/v2\/posts"}],"about":[{"href":"https:\/\/redaccion1.fcpolit.unr.edu.ar\/comision-reviglio\/wp-json\/wp\/v2\/types\/post"}],"author":[{"embeddable":true,"href":"https:\/\/redaccion1.fcpolit.unr.edu.ar\/comision-reviglio\/wp-json\/wp\/v2\/users\/27"}],"replies":[{"embeddable":true,"href":"https:\/\/redaccion1.fcpolit.unr.edu.ar\/comision-reviglio\/wp-json\/wp\/v2\/comments?post=287"}],"version-history":[{"count":0,"href":"https:\/\/redaccion1.fcpolit.unr.edu.ar\/comision-reviglio\/wp-json\/wp\/v2\/posts\/287\/revisions"}],"wp:attachment":[{"href":"https:\/\/redaccion1.fcpolit.unr.edu.ar\/comision-reviglio\/wp-json\/wp\/v2\/media?parent=287"}],"wp:term":[{"taxonomy":"category","embeddable":true,"href":"https:\/\/redaccion1.fcpolit.unr.edu.ar\/comision-reviglio\/wp-json\/wp\/v2\/categories?post=287"},{"taxonomy":"post_tag","embeddable":true,"href":"https:\/\/redaccion1.fcpolit.unr.edu.ar\/comision-reviglio\/wp-json\/wp\/v2\/tags?post=287"}],"curies":[{"name":"wp","href":"https:\/\/api.w.org\/{rel}","templated":true}]}}