{"id":286,"date":"2010-09-10T15:25:12","date_gmt":"2010-09-10T15:25:12","guid":{"rendered":"http:\/\/fcpolit.unr.edu.ar\/blogs\/redaccion1-reviglio\/2010\/09\/10\/notas-trabajo-practico-integrador-no-2\/"},"modified":"2010-09-10T15:25:12","modified_gmt":"2010-09-10T15:25:12","slug":"notas-trabajo-practico-integrador-no-2","status":"publish","type":"post","link":"https:\/\/redaccion1.fcpolit.unr.edu.ar\/comision-reviglio\/2010\/09\/10\/notas-trabajo-practico-integrador-no-2\/","title":{"rendered":"Notas Trabajo Pr\u00e1ctico Integrador N\u00ba 2"},"content":{"rendered":"<p><img loading=\"lazy\" decoding=\"async\" alt=\"Rivera_1.jpg\" src=\"http:\/\/www.bdp.org.ar\/facultad\/catedras\/comsoc\/redaccion1\/reviglio\/Rivera_1.jpg\" width=\"250\" height=\"318\" \/><br \/>\nA continuaci\u00f3n, publico las notas del TP Integrador que se tom\u00f3 el mi\u00e9rcoles pasado.<br \/>\nEl recuperatorio se tomar\u00e1 el martes 5\/10 a las 8:30 en el aula de siempre y consistir\u00e1 en ejercicios de an\u00e1lisis de un texto ya dado y algunas preguntas te\u00f3ricas. (Recuerden que los <a href=\"http:\/\/www.bdp.org.ar\/facultad\/catedras\/comsoc\/redaccion1\/reviglio\/2010\/09\/bibliografia_para_el_parcial.php#more\">temas que se eval\u00faan <\/a>corresponden a las unidades 3 y 4)<\/p>\n<p><!--more--><br \/>\nAste: Aprobado (6)<br \/>\nAzcurra: Ausente<br \/>\nBlanch: Recupera<br \/>\nColagioia: Recupera<br \/>\nCostamagna: Recupera<br \/>\nCuffia: Ausente<br \/>\nFerrer: Aprobado (6)<br \/>\nFirguglietti: Recupera<br \/>\nGalfano: Recupera<br \/>\nGentilini: Recupera<br \/>\nGrasso: Bueno (7)<br \/>\nGuardal\u00e1: Recupera<br \/>\nGuevara: Recupera<br \/>\nHarraca: Recupera<br \/>\nHerrero: Aprobado (6)<br \/>\nKatz: Distinguido (9)<br \/>\nLinch: Recupera<br \/>\nMolina: Aprobado (6)<br \/>\nMonreal: Aprobado (6)<br \/>\nOviedo: Recupera<br \/>\nParadiso: Ausente<br \/>\nRial: Recupera<br \/>\nRuiz: Muy bueno (8)<br \/>\nSaavedara: Ausente<br \/>\nSambrana: Muy bueno (8)<br \/>\nS\u00faarez: Ausente<br \/>\nTameron: Recupera<br \/>\nYamuni: Ausente<br \/>\n<em>Imagen: &#8220;D\u00eda del trabajo&#8221; de Diego Rivera<\/em><\/p>\n","protected":false},"excerpt":{"rendered":"<p>A continuaci\u00f3n, publico las notas del TP Integrador que se tom\u00f3 el mi\u00e9rcoles pasado. El recuperatorio se tomar\u00e1 el martes 5\/10 a las 8:30 en el aula de siempre y consistir\u00e1 en ejercicios de an\u00e1lisis de un texto ya dado y algunas preguntas te\u00f3ricas. (Recuerden que los temas que se eval\u00faan corresponden a las unidades [&hellip;]<\/p>\n","protected":false},"author":27,"featured_media":0,"comment_status":"open","ping_status":"closed","sticky":false,"template":"","format":"standard","meta":{"footnotes":""},"categories":[20],"tags":[],"_links":{"self":[{"href":"https:\/\/redaccion1.fcpolit.unr.edu.ar\/comision-reviglio\/wp-json\/wp\/v2\/posts\/286"}],"collection":[{"href":"https:\/\/redaccion1.fcpolit.unr.edu.ar\/comision-reviglio\/wp-json\/wp\/v2\/posts"}],"about":[{"href":"https:\/\/redaccion1.fcpolit.unr.edu.ar\/comision-reviglio\/wp-json\/wp\/v2\/types\/post"}],"author":[{"embeddable":true,"href":"https:\/\/redaccion1.fcpolit.unr.edu.ar\/comision-reviglio\/wp-json\/wp\/v2\/users\/27"}],"replies":[{"embeddable":true,"href":"https:\/\/redaccion1.fcpolit.unr.edu.ar\/comision-reviglio\/wp-json\/wp\/v2\/comments?post=286"}],"version-history":[{"count":0,"href":"https:\/\/redaccion1.fcpolit.unr.edu.ar\/comision-reviglio\/wp-json\/wp\/v2\/posts\/286\/revisions"}],"wp:attachment":[{"href":"https:\/\/redaccion1.fcpolit.unr.edu.ar\/comision-reviglio\/wp-json\/wp\/v2\/media?parent=286"}],"wp:term":[{"taxonomy":"category","embeddable":true,"href":"https:\/\/redaccion1.fcpolit.unr.edu.ar\/comision-reviglio\/wp-json\/wp\/v2\/categories?post=286"},{"taxonomy":"post_tag","embeddable":true,"href":"https:\/\/redaccion1.fcpolit.unr.edu.ar\/comision-reviglio\/wp-json\/wp\/v2\/tags?post=286"}],"curies":[{"name":"wp","href":"https:\/\/api.w.org\/{rel}","templated":true}]}}