{"id":285,"date":"2010-09-02T08:37:55","date_gmt":"2010-09-02T08:37:55","guid":{"rendered":"http:\/\/fcpolit.unr.edu.ar\/blogs\/redaccion1-reviglio\/2010\/09\/02\/bibliografia-para-el-parcial\/"},"modified":"2010-09-02T08:37:55","modified_gmt":"2010-09-02T08:37:55","slug":"bibliografia-para-el-parcial","status":"publish","type":"post","link":"https:\/\/redaccion1.fcpolit.unr.edu.ar\/comision-reviglio\/2010\/09\/02\/bibliografia-para-el-parcial\/","title":{"rendered":"Bibliograf\u00eda para el parcial"},"content":{"rendered":"<p>El segundo parcial de Redacci\u00f3n se tomar\u00e1 el mi\u00e9rcoles 8\/9 a las 11:30 hs.<br \/>\nSe evaluar\u00e1n las unidades 3 y 4 a partir de la siguiente bibliograf\u00eda:<\/p>\n<p><!--more--><br \/>\n<strong>Unidad 3:<\/strong><br \/>\n<a href=\"http:\/\/www.bdp.org.ar\/facultad\/catedras\/comsoc\/redaccion1\/unidades\/2008\/03\/aproximacion_a_una_tipologia_d.php\">Aproximaci\u00f3n a una tipolog\u00eda de textos<\/a><br \/>\n<a href=\"http:\/\/www.bdp.org.ar\/facultad\/catedras\/comsoc\/redaccion1\/unidades\/2008\/03\/un_texto_es_un_texto.php\">Un texto es un texto<\/a><br \/>\n<a href=\"http:\/\/www.bdp.org.ar\/facultad\/catedras\/comsoc\/redaccion1\/unidades\/2008\/03\/analisis_integral.php\">An\u00e1lisis integral<\/a><br \/>\n<a href=\"http:\/\/www.bdp.org.ar\/facultad\/catedras\/comsoc\/redaccion1\/unidades\/2008\/03\/algunas_cuestiones_de_tipologi.php\">Algunas cuestiones de tipolog\u00eca textual<\/a><br \/>\n<a href=\"http:\/\/www.bdp.org.ar\/facultad\/catedras\/comsoc\/redaccion1\/unidades\/2008\/03\/funciones_de_la_escritura.php\">Funciones de la escritura<\/a><br \/>\n<a href=\"http:\/\/www.bdp.org.ar\/facultad\/catedras\/comsoc\/redaccion1\/unidades\/2008\/03\/generos_textuales_y_prosas_de.php\">G\u00e9neros textuales y prosas de base<\/a><br \/>\n<a href=\"http:\/\/www.bdp.org.ar\/facultad\/catedras\/comsoc\/redaccion1\/unidades\/2008\/03\/generos_discursivos.php\">G\u00e9neros discursivos<\/a><br \/>\n<a href=\"http:\/\/www.bdp.org.ar\/facultad\/catedras\/comsoc\/redaccion1\/unidades\/2008\/03\/que_clases_de_textos_existen.php\">\u00bfQu\u00e9 clase de textos existen?<\/a><br \/>\nLectura recomendada: <a href=\"http:\/\/www.bdp.org.ar\/facultad\/catedras\/comsoc\/redaccion1\/unidades\/2008\/03\/ejemplos_de_funciones_del_leng.php\">Ejemplo de funciones del lenguaje<\/a><br \/>\n<strong>Unidad 4:<\/strong><br \/>\n<a href=\"http:\/\/www.bdp.org.ar\/facultad\/catedras\/comsoc\/redaccion1\/unidades\/2008\/04\/dos_propiedades_del_texto.php\">Dos propiedades del texto<\/a><br \/>\n<a href=\"http:\/\/www.bdp.org.ar\/facultad\/catedras\/comsoc\/redaccion1\/unidades\/2008\/04\/coherencia.php\">Coherencia<\/a><br \/>\n<a href=\"http:\/\/www.bdp.org.ar\/facultad\/catedras\/comsoc\/redaccion1\/unidades\/2008\/04\/conectividad.php\">Conectividad<\/a><br \/>\n<a href=\"http:\/\/www.bdp.org.ar\/facultad\/catedras\/comsoc\/redaccion1\/unidades\/2008\/04\/cohesion.php\">Cohesi\u00f3n<\/a><br \/>\n<a href=\"http:\/\/www.bdp.org.ar\/facultad\/catedras\/comsoc\/redaccion1\/unidades\/2008\/03\/macroestructurasestructuras_gl.php\">Macroestructuras. Estructuras globales<\/a><br \/>\n<a href=\"http:\/\/www.bdp.org.ar\/facultad\/catedras\/comsoc\/redaccion1\/unidades\/2008\/03\/superestructuras.php\">Superestructuras<\/a><br \/>\n<a href=\"http:\/\/www.bdp.org.ar\/facultad\/catedras\/comsoc\/redaccion1\/unidades\/2008\/03\/superestructura_del_texto_de_i.php\">Superestructura del texto de instrucciones<\/a><br \/>\n<a href=\"http:\/\/www.bdp.org.ar\/facultad\/catedras\/comsoc\/redaccion1\/unidades\/2008\/03\/factores_de_la_coherencia.php\">Factores de coherencia<\/a><br \/>\n<a href=\"http:\/\/www.bdp.org.ar\/facultad\/catedras\/comsoc\/redaccion1\/unidades\/2008\/03\/concepto_de_conectividad.php\">Concepto de conectividad<\/a><br \/>\n<a href=\"http:\/\/www.bdp.org.ar\/facultad\/catedras\/comsoc\/redaccion1\/unidades\/2008\/03\/conectate_con_los_conectores.php\">Conectate con los conectores<\/a><br \/>\n<a href=\"http:\/\/www.bdp.org.ar\/facultad\/catedras\/comsoc\/redaccion1\/unidades\/2008\/03\/el_discurso_de_las_noticias.php\">El discurso de las noticias<\/a><br \/>\n<a href=\"http:\/\/www.bdp.org.ar\/facultad\/catedras\/comsoc\/redaccion1\/unidades\/2009\/09\/van_dijk_otro_esquema_de_notic_1.php\">Van Dijk: otro esquema de la noticia<\/a>.<br \/>\n<a href=\"http:\/\/www.bdp.org.ar\/facultad\/catedras\/comsoc\/redaccion1\/unidades\/2008\/03\/la_coherencia_como_principio_e.php\">&#8220;La coherencia como principio en la regulaci\u00f3n discursiva&#8221; <\/a>de M. Charolles<\/p>\n","protected":false},"excerpt":{"rendered":"<p>El segundo parcial de Redacci\u00f3n se tomar\u00e1 el mi\u00e9rcoles 8\/9 a las 11:30 hs. Se evaluar\u00e1n las unidades 3 y 4 a partir de la siguiente bibliograf\u00eda:<\/p>\n","protected":false},"author":27,"featured_media":0,"comment_status":"open","ping_status":"closed","sticky":false,"template":"","format":"standard","meta":{"footnotes":""},"categories":[20],"tags":[],"_links":{"self":[{"href":"https:\/\/redaccion1.fcpolit.unr.edu.ar\/comision-reviglio\/wp-json\/wp\/v2\/posts\/285"}],"collection":[{"href":"https:\/\/redaccion1.fcpolit.unr.edu.ar\/comision-reviglio\/wp-json\/wp\/v2\/posts"}],"about":[{"href":"https:\/\/redaccion1.fcpolit.unr.edu.ar\/comision-reviglio\/wp-json\/wp\/v2\/types\/post"}],"author":[{"embeddable":true,"href":"https:\/\/redaccion1.fcpolit.unr.edu.ar\/comision-reviglio\/wp-json\/wp\/v2\/users\/27"}],"replies":[{"embeddable":true,"href":"https:\/\/redaccion1.fcpolit.unr.edu.ar\/comision-reviglio\/wp-json\/wp\/v2\/comments?post=285"}],"version-history":[{"count":0,"href":"https:\/\/redaccion1.fcpolit.unr.edu.ar\/comision-reviglio\/wp-json\/wp\/v2\/posts\/285\/revisions"}],"wp:attachment":[{"href":"https:\/\/redaccion1.fcpolit.unr.edu.ar\/comision-reviglio\/wp-json\/wp\/v2\/media?parent=285"}],"wp:term":[{"taxonomy":"category","embeddable":true,"href":"https:\/\/redaccion1.fcpolit.unr.edu.ar\/comision-reviglio\/wp-json\/wp\/v2\/categories?post=285"},{"taxonomy":"post_tag","embeddable":true,"href":"https:\/\/redaccion1.fcpolit.unr.edu.ar\/comision-reviglio\/wp-json\/wp\/v2\/tags?post=285"}],"curies":[{"name":"wp","href":"https:\/\/api.w.org\/{rel}","templated":true}]}}