{"id":274,"date":"2010-06-30T16:04:19","date_gmt":"2010-06-30T16:04:19","guid":{"rendered":"http:\/\/fcpolit.unr.edu.ar\/blogs\/redaccion1-reviglio\/2010\/06\/30\/pautas-para-abordar-a-unidad-4\/"},"modified":"2010-06-30T16:04:19","modified_gmt":"2010-06-30T16:04:19","slug":"pautas-para-abordar-a-unidad-4","status":"publish","type":"post","link":"https:\/\/redaccion1.fcpolit.unr.edu.ar\/comision-reviglio\/2010\/06\/30\/pautas-para-abordar-a-unidad-4\/","title":{"rendered":"Pautas para abordar a Unidad 4"},"content":{"rendered":"<p><img loading=\"lazy\" decoding=\"async\" alt=\"Rivera%201.jpg\" src=\"http:\/\/www.bdp.org.ar\/facultad\/catedras\/comsoc\/redaccion1\/reviglio\/Rivera%201.jpg\" width=\"122\" height=\"124\" \/><br \/>\nEl tema de Coherencia textual que comenzaremos a estudiar no es en realidad un tema nuevo, ya que empezamos a mencionarlo en la \u00faltima parte del dictado de la unidad 1 cuando estudiamos los tipos de <a href=\"http:\/\/www.bdp.org.ar\/facultad\/catedras\/comsoc\/redaccion1\/unidades\/2007\/05\/estrategias_de_produccion_t_ba.php\">estrategias de produc<\/a>ci\u00f3n de textos.<\/p>\n<p><!--more--><br \/>\nLa intenci\u00f3n de esta unidad es profundizar los conceptos ya introducidos, articularlos y analizar c\u00f3mo se conjugan para construir un texto.<br \/>\nPara comenzar, diremos -retomando lo estudiado en la unidad 3- que un <a href=\"http:\/\/www.bdp.org.ar\/facultad\/catedras\/comsoc\/redaccion1\/unidades\/2008\/03\/un_texto_es_un_texto.php\">texto<\/a> es una unidad de formato con significado global. Esto significa que si bien es posible analizar cada p\u00e1rrafo o fragmento de un texto, el significado del mismo no se descubre en ese an\u00e1lisis \u201cmicro\u201d, sino en su an\u00e1lisis global.<br \/>\nEntender el texto de esta manera, supone concebir que <a href=\"http:\/\/www.bdp.org.ar\/facultad\/catedras\/comsoc\/redaccion1\/unidades\/2008\/04\/dos_propiedades_del_texto.php\">la coherencia y la cohesi\u00f3n son propiedades del texto<\/a>. \u00bfQu\u00e9 significa esto? En tanto la palabra \u201cpropiedad\u201d significa \u201catributo o cualidad esencial de una persona o cosa\u201d, decimos que sin <a href=\"http:\/\/www.bdp.org.ar\/facultad\/catedras\/comsoc\/redaccion1\/unidades\/2008\/04\/coherencia.php\">coherencia<\/a> y sin cohesi\u00f3n, no hay texto.<br \/>\nSi bien hay <a href=\"http:\/\/www.bdp.org.ar\/facultad\/catedras\/comsoc\/redaccion1\/unidades\/2008\/03\/factores_de_la_coherencia.php\">varios elementos que colaboran con la asignaci\u00f3n de coherencia<\/a>, vamos a detenernos en tres de ellos:<br \/>\nActos de habla<br \/>\nMacroestructura<br \/>\nSuperestructura<br \/>\nEn primer lugar, los actos de habla y su secuencia, m\u00e1s all\u00e1 de su rol pragm\u00e1tico (la dimensi\u00f3n del \u201chacer textual\u201d), tambi\u00e9n colaboran en el otorgamiento de sentido de un texto.<br \/>\nLa <a href=\"http:\/\/www.bdp.org.ar\/facultad\/catedras\/comsoc\/redaccion1\/unidades\/2008\/03\/macroestructurasestructuras_gl.php\">macroestructura,<\/a> por su parte, refiere al contenido global, la unidad tem\u00e1tica que se hace evidente en las oraciones principales. Esto significa que el tema de un discurso se define en MACROPROPOSICIONES, que podemos inferir en un texto ya dado a partir de la aplicaci\u00f3n de reglas propias: Macrorreglas.<br \/>\nPor \u00faltimo, la <a href=\"http:\/\/www.bdp.org.ar\/facultad\/catedras\/comsoc\/redaccion1\/unidades\/2008\/03\/superestructuras.php\">superestructura<\/a>, esos esquemas can\u00f3nicos, sociales, convencionales y, por lo tanto, estables, est\u00e1n relacionados con los tipos de texto que existen, seg\u00fan la funci\u00f3n social que cumplan. As\u00ed, la noticia,<a href=\"http:\/\/www.bdp.org.ar\/facultad\/catedras\/comsoc\/redaccion1\/unidades\/2008\/03\/superestructura_del_texto_de_i.php\"> el texto de instrucciones<\/a>, el discurso argumentativo, etc., tendr\u00e1n organizadores discursivos o categor\u00edas propios que se repiten en cada texto del mismo tipo y que prescriben el modo de distribuir la informaci\u00f3n dentro del texto. Les recomiendo que revisen, particularmente, los <a href=\"http:\/\/www.bdp.org.ar\/facultad\/catedras\/comsoc\/redaccion1\/unidades\/2008\/04\/coherencia.php\">esquemas propios de la noticia <\/a>y del texto de instrucciones.<br \/>\nPara experimentar c\u00f3mo se conjugan estos conceptos en la producci\u00f3n y comprensi\u00f3n de los textos, te propongo las siguientes actividades:<br \/>\nActividad 7: <a href=\"http:\/\/www.bdp.org.ar\/facultad\/catedras\/comsoc\/redaccion1\/unidades\/2008\/07\/guia_de_estudio_unidad_4.php\">Gu\u00eda de la lectura de la unidad IV<\/a><br \/>\nActividad 8: <a href=\"http:\/\/www.bdp.org.ar\/facultad\/catedras\/comsoc\/redaccion1\/unidades\/2008\/04\/macroestructuras_y_titulares_2.php\">Macroestructuras y titulares 2<\/a> (puede ser realizado en grupos de dos estudiantes)<br \/>\n<a href=\"http:\/\/www.bdp.org.ar\/facultad\/catedras\/comsoc\/redaccion1\/unidades\/2008\/07\/tortugot.php\">TP 15: Tortugot<\/a><br \/>\n<em>Imagen: de Diego Rivera, Mexico (1886-1957)<\/em><\/p>\n","protected":false},"excerpt":{"rendered":"<p>El tema de Coherencia textual que comenzaremos a estudiar no es en realidad un tema nuevo, ya que empezamos a mencionarlo en la \u00faltima parte del dictado de la unidad 1 cuando estudiamos los tipos de estrategias de producci\u00f3n de textos.<\/p>\n","protected":false},"author":27,"featured_media":0,"comment_status":"open","ping_status":"closed","sticky":false,"template":"","format":"standard","meta":{"footnotes":""},"categories":[20],"tags":[],"_links":{"self":[{"href":"https:\/\/redaccion1.fcpolit.unr.edu.ar\/comision-reviglio\/wp-json\/wp\/v2\/posts\/274"}],"collection":[{"href":"https:\/\/redaccion1.fcpolit.unr.edu.ar\/comision-reviglio\/wp-json\/wp\/v2\/posts"}],"about":[{"href":"https:\/\/redaccion1.fcpolit.unr.edu.ar\/comision-reviglio\/wp-json\/wp\/v2\/types\/post"}],"author":[{"embeddable":true,"href":"https:\/\/redaccion1.fcpolit.unr.edu.ar\/comision-reviglio\/wp-json\/wp\/v2\/users\/27"}],"replies":[{"embeddable":true,"href":"https:\/\/redaccion1.fcpolit.unr.edu.ar\/comision-reviglio\/wp-json\/wp\/v2\/comments?post=274"}],"version-history":[{"count":0,"href":"https:\/\/redaccion1.fcpolit.unr.edu.ar\/comision-reviglio\/wp-json\/wp\/v2\/posts\/274\/revisions"}],"wp:attachment":[{"href":"https:\/\/redaccion1.fcpolit.unr.edu.ar\/comision-reviglio\/wp-json\/wp\/v2\/media?parent=274"}],"wp:term":[{"taxonomy":"category","embeddable":true,"href":"https:\/\/redaccion1.fcpolit.unr.edu.ar\/comision-reviglio\/wp-json\/wp\/v2\/categories?post=274"},{"taxonomy":"post_tag","embeddable":true,"href":"https:\/\/redaccion1.fcpolit.unr.edu.ar\/comision-reviglio\/wp-json\/wp\/v2\/tags?post=274"}],"curies":[{"name":"wp","href":"https:\/\/api.w.org\/{rel}","templated":true}]}}