{"id":26,"date":"2006-05-07T22:41:35","date_gmt":"2006-05-07T22:41:35","guid":{"rendered":"http:\/\/fcpolit.unr.edu.ar\/blogs\/redaccion1-reviglio\/2006\/05\/07\/actividad-2-caramelos-surtidos\/"},"modified":"2006-05-07T22:41:35","modified_gmt":"2006-05-07T22:41:35","slug":"actividad-2-caramelos-surtidos","status":"publish","type":"post","link":"https:\/\/redaccion1.fcpolit.unr.edu.ar\/comision-reviglio\/2006\/05\/07\/actividad-2-caramelos-surtidos\/","title":{"rendered":"Actividad 2: Caramelos Surtidos"},"content":{"rendered":"<p><img loading=\"lazy\" decoding=\"async\" alt=\"caramelos.jpg\" src=\"http:\/\/www.dialogica.com.ar\/unr\/redaccion1\/cecilia\/archivos\/caramelos.jpg\" width=\"119\" height=\"89\" align=\"left\" hspace=\"10\" \/><br \/>\n<u><strong>Consignas:<\/strong><\/u><br \/>\n1. Le\u00e9 el texto &#8220;Caramelos surtidos&#8221; del periodista Eduardo Aliverti, publicado en el diario P\u00e1gina 12 del 3 de mayo de 2006<br \/>\n2. El ar\u00b4t\u00edculo est\u00e1 compuesto por preguntas que hacen referencia a noticias del \u00faltimo tiempo y a hechos o situaciones que dejaron de serlo. Eleg\u00ed tres de sus preguntas y busc\u00e1 informaci\u00f3n sobre los temas que trata la pregunta.<br \/>\n3. Elabor\u00e1 un informe por cada pregunta investigada.<br \/>\nFecha de entrega: 15 de mayo<\/p>\n<p><!--more--><br \/>\n<u><strong>Caramelos surtidos<\/strong><\/u><br \/>\n<em>Por Eduardo Aliverti<\/em><br \/>\n\u00bfPor qu\u00e9 suena justa, muy justa, la pregunta de Kirchner acerca de por qu\u00e9, si es tan honesta la inversi\u00f3n de espa\u00f1oles y finlandeses en las pasteras de Fray Bentos, no hacen el estudio de impacto ambiental?<br \/>\n\u00bfPor qu\u00e9, si la pregunta de Kirchner es efectivamente tan exacta, no nos preguntamos por qu\u00e9 no pide el mismo estudio para las pasteras y para todos los que contaminan en el territorio argentino?<br \/>\n\u00bfPor qu\u00e9 la limpieza de la Justicia se agot\u00f3 en la renovaci\u00f3n de la Corte Suprema?<br \/>\n\u00bfPor qu\u00e9 la Argentina, a pesar de todo, sigue siendo un ejemplo mundial de persecuci\u00f3n y justicia contra los asesinos de una dictadura?<br \/>\n\u00bfPor qu\u00e9 el gobierno argentino rinde homenaje a las v\u00edctimas jud\u00edas de los nazis y no reconoce el genocidio armenio a manos de los turcos?<br \/>\n\u00bfPor qu\u00e9 hay una investigaci\u00f3n demostrativa de que la mayor\u00eda de los ni\u00f1os de clase media y alta consumen alimentos pobres en nutrientes y con demasiadas calor\u00edas? Es decir, \u00bfpor qu\u00e9 no hay una investigaci\u00f3n sobre lo que comen los ni\u00f1os de clase baja y los ni\u00f1os de familias indigentes?<br \/>\n\u00bfPor qu\u00e9 este pa\u00eds, a pesar de todo, sigue al frente, lejos, muy lejos, en la movilidad cultural de su clase media?<br \/>\n\u00bfPor qu\u00e9 generar\u00eda inflaci\u00f3n aumentar los sueldos y no generar\u00eda inflaci\u00f3n aumentar las tarifas de luz y gas?<br \/>\n\u00bfPor qu\u00e9 lo \u00fanico que se le ocurre a la oposici\u00f3n es que el jefe de Gabinete no va al Congreso una vez por mes?<br \/>\n\u00bfPor qu\u00e9 se denuncia que el 60 por ciento de las operaciones del mercado de la carne son en negro y no se dan los nombres?<br \/>\n\u00bfPor qu\u00e9 ya se dej\u00f3 de hablar de que el Estado intervenga en el Mercado de Liniers?<br \/>\n\u00bfPor qu\u00e9 se sigue hablando del caso de Mat\u00edas Bragagnolo, en Palermo Chico, y no del \u00faltimo episodio de gatillo f\u00e1cil contra unos \u201cnegritos\u201d de Sarand\u00ed?<br \/>\n\u00bfPor qu\u00e9 se parece cada vez m\u00e1s a un mito lo del progresismo uruguayo?<br \/>\n\u00bfPor qu\u00e9 no se habla ni investiga ad\u00f3nde van a parar los polic\u00edas que exoneran?<br \/>\n\u00bfPor qu\u00e9 no le importa a nadie que una parte del Chaco o de Salta queden bajo el agua?<br \/>\n\u00bfPor qu\u00e9 ya no se habla de los jubilados?<br \/>\n\u00bfPor qu\u00e9 desapareci\u00f3 casi completamente hablar del PAMI?<br \/>\n\u00bfPor qu\u00e9 se habla de los camiones y no de los trenes?<br \/>\n\u00bfPor qu\u00e9 no se habla de en manos de qui\u00e9nes est\u00e1n los grandes medios de comunicaci\u00f3n?<br \/>\n\u00bfPor qu\u00e9 los jueces no pagan impuesto a las ganancias?<br \/>\n\u00bfPor qu\u00e9 no hay programas period\u00edsticos de opini\u00f3n en la televisi\u00f3n abierta?<br \/>\n\u00bfPor qu\u00e9 Ch\u00e1vez es un payazuelo y Bush no es un terrorista?<br \/>\n\u00bfPor qu\u00e9 la Iglesia Cat\u00f3lica sigue imponiendo funcionarios?<br \/>\n\u00bfPor qu\u00e9 hay un monumento a Roca?<br \/>\n\u00bfPor qu\u00e9 Mart\u00ednez de Hoz no est\u00e1 preso?<br \/>\n\u00bfPor qu\u00e9 Alterini, rector de la UBA, es algo tan pat\u00e9tico como las sectas partidarias que se le oponen?<br \/>\n\u00bfPor qu\u00e9 a la radio no se le ocurre otra cosa que copiar la agenda que fijan los diarios?<br \/>\n\u00bfPor qu\u00e9 nos importa el raiting de la televisi\u00f3n? \u00bfPorque es la \u00fanica forma que encontramos de creer que protagonizamos algo?<br \/>\n\u00bfPor qu\u00e9, ya se pregunt\u00f3 hace un tiempo desde esta columna pero vale insistir, Kirchner no es de izquierda pero parece no haber nada a la izquierda de Kirchner?<br \/>\n\u00bfPor qu\u00e9, a pesar de todo, este pueblo gana la calle m\u00e1s que cualquier otro de Am\u00e9rica latina?<br \/>\n\u00bfPor qu\u00e9 cada vez existe menos el interior del pa\u00eds en el tratamiento de los medios nacionales?<br \/>\n\u00bfPor qu\u00e9 la \u00fanica voz que se escucha del campo es la de la oligarqu\u00eda ganadera?<br \/>\n\u00bfPor qu\u00e9 ya no se habla de la situaci\u00f3n en Las Heras?<br \/>\n\u00bfPor qu\u00e9 el Congreso Nacional es una escriban\u00eda del Poder Ejecutivo?<br \/>\n\u00bfPor qu\u00e9 Oppenheimer tiene la misma sonrisa que<br \/>\nEl Guas\u00f3n?<br \/>\n\u00bfPor qu\u00e9 ya no se habla de las condiciones de trabajo de los bolivianos?<br \/>\n\u00bfPor qu\u00e9 a todas las noticias que da la tele hay que ponerles m\u00fasica?<br \/>\n\u00bfPor qu\u00e9 hay como dos mil kil\u00f3metros de litoral mar\u00edtimo y el pescado est\u00e1 m\u00e1s caro que la carne?<br \/>\n\u00bfPor qu\u00e9 los programas period\u00edsticos de \u201cinvestigaci\u00f3n\u201d, y las c\u00e1maras ocultas, s\u00f3lo denuncian a los perejiles?<br \/>\n\u00bfPor qu\u00e9 ya no se habla de la Legislatura porte\u00f1a? \u00bfPorque lo \u00faltimo y \u00fanico que se les ocurri\u00f3 fue voltear a Ibarra?<br \/>\n\u00bfPor qu\u00e9 interesan tanto los desplantes diplom\u00e1ticos de Kirchner? \u00bfPorque a la derecha no se le ocurre algo m\u00e1s apasionante?<br \/>\n\u00bfPor qu\u00e9 la ciudad de Jujuy estuvo nueve d\u00edas sin agua y no fue ni titular de portada en diario alguno ni noticia destacada en la radio y la tev\u00e9?<br \/>\n\u00bfPor qu\u00e9 Kirchner coopta a Barrionuevo?<br \/>\n\u00bfPor qu\u00e9 no hay forma de que la salud p\u00fablica despierte el mismo inter\u00e9s que la educaci\u00f3n p\u00fablica?<br \/>\n\u00bfPor qu\u00e9?<br \/>\nP\u00e1gina 12. 3 de mayo de 2006<\/p>\n","protected":false},"excerpt":{"rendered":"<p>Consignas: 1. Le\u00e9 el texto &#8220;Caramelos surtidos&#8221; del periodista Eduardo Aliverti, publicado en el diario P\u00e1gina 12 del 3 de mayo de 2006 2. El ar\u00b4t\u00edculo est\u00e1 compuesto por preguntas que hacen referencia a noticias del \u00faltimo tiempo y a hechos o situaciones que dejaron de serlo. Eleg\u00ed tres de sus preguntas y busc\u00e1 informaci\u00f3n [&hellip;]<\/p>\n","protected":false},"author":27,"featured_media":0,"comment_status":"open","ping_status":"closed","sticky":false,"template":"","format":"standard","meta":{"footnotes":""},"categories":[39],"tags":[],"_links":{"self":[{"href":"https:\/\/redaccion1.fcpolit.unr.edu.ar\/comision-reviglio\/wp-json\/wp\/v2\/posts\/26"}],"collection":[{"href":"https:\/\/redaccion1.fcpolit.unr.edu.ar\/comision-reviglio\/wp-json\/wp\/v2\/posts"}],"about":[{"href":"https:\/\/redaccion1.fcpolit.unr.edu.ar\/comision-reviglio\/wp-json\/wp\/v2\/types\/post"}],"author":[{"embeddable":true,"href":"https:\/\/redaccion1.fcpolit.unr.edu.ar\/comision-reviglio\/wp-json\/wp\/v2\/users\/27"}],"replies":[{"embeddable":true,"href":"https:\/\/redaccion1.fcpolit.unr.edu.ar\/comision-reviglio\/wp-json\/wp\/v2\/comments?post=26"}],"version-history":[{"count":0,"href":"https:\/\/redaccion1.fcpolit.unr.edu.ar\/comision-reviglio\/wp-json\/wp\/v2\/posts\/26\/revisions"}],"wp:attachment":[{"href":"https:\/\/redaccion1.fcpolit.unr.edu.ar\/comision-reviglio\/wp-json\/wp\/v2\/media?parent=26"}],"wp:term":[{"taxonomy":"category","embeddable":true,"href":"https:\/\/redaccion1.fcpolit.unr.edu.ar\/comision-reviglio\/wp-json\/wp\/v2\/categories?post=26"},{"taxonomy":"post_tag","embeddable":true,"href":"https:\/\/redaccion1.fcpolit.unr.edu.ar\/comision-reviglio\/wp-json\/wp\/v2\/tags?post=26"}],"curies":[{"name":"wp","href":"https:\/\/api.w.org\/{rel}","templated":true}]}}