{"id":251,"date":"2010-03-29T17:50:44","date_gmt":"2010-03-29T17:50:44","guid":{"rendered":"http:\/\/fcpolit.unr.edu.ar\/blogs\/redaccion1-reviglio\/2010\/03\/29\/trabajo-practico-1-presentacion\/"},"modified":"2010-03-29T17:50:44","modified_gmt":"2010-03-29T17:50:44","slug":"trabajo-practico-1-presentacion","status":"publish","type":"post","link":"https:\/\/redaccion1.fcpolit.unr.edu.ar\/comision-reviglio\/2010\/03\/29\/trabajo-practico-1-presentacion\/","title":{"rendered":"Trabajo Pr\u00e1ctico 1: Presentaci\u00f3n"},"content":{"rendered":"<p>Redactar un texto en el que cuentes qui\u00e9n sos.<br \/>\nComo el objetivo de este trabajo es comenzar a conocer a los estudiantes, cada uno podr\u00e1 elegir el modo en que quiera presentarse. Les dejo algunas pistas, ideas o preguntas a partir de las que pueden comenzar a escribir:<\/p>\n<p><!--more--><br \/>\nDescripci\u00f3n f\u00edsica<br \/>\nDescripci\u00f3n de personalidad o car\u00e1cter<br \/>\nBreve autobiograf\u00eda: d\u00f3nde nacieron, c\u00f3mo est\u00e1n compuestas sus familias, a qu\u00e9 escuela asistieron, etc.<br \/>\nActividades que realizan: pasatiempos, otros estudios, trabajos, etc.<br \/>\n\u00bfPor qu\u00e9 eligieron esta carrera?<br \/>\n\u00bfQu\u00e9 esperan del primer a\u00f1o en la universidad?<br \/>\n\u00bfQu\u00e9 esperan de esta materia? Y en relaci\u00f3n con ella, \u00bfC\u00f3mo es la relaci\u00f3n que han establecido con la lectura y la escritura? \u00bfQu\u00e9 tipo de textos leen?<br \/>\n\u00bfCu\u00e1les son las nuevas tecnolog\u00edas de comunicaci\u00f3n que utilizan? \u00bfPara qu\u00e9 las usan?<br \/>\nCualquier otra cosa que quieran contar de ustedes.<br \/>\nForma de presentaci\u00f3n:<br \/>\nEl trabajo se enviar\u00e1 al correo de la docente (ceciliareviglio@arnet.com.ar) en archivo de word adjunto. Por favor, usar archivos con extensi\u00f3n .rtf o .doc)<br \/>\nFecha l\u00edmite de presentaci\u00f3n: 4 de abril.<\/p>\n","protected":false},"excerpt":{"rendered":"<p>Redactar un texto en el que cuentes qui\u00e9n sos. Como el objetivo de este trabajo es comenzar a conocer a los estudiantes, cada uno podr\u00e1 elegir el modo en que quiera presentarse. Les dejo algunas pistas, ideas o preguntas a partir de las que pueden comenzar a escribir:<\/p>\n","protected":false},"author":27,"featured_media":0,"comment_status":"open","ping_status":"closed","sticky":false,"template":"","format":"standard","meta":{"footnotes":""},"categories":[39],"tags":[],"_links":{"self":[{"href":"https:\/\/redaccion1.fcpolit.unr.edu.ar\/comision-reviglio\/wp-json\/wp\/v2\/posts\/251"}],"collection":[{"href":"https:\/\/redaccion1.fcpolit.unr.edu.ar\/comision-reviglio\/wp-json\/wp\/v2\/posts"}],"about":[{"href":"https:\/\/redaccion1.fcpolit.unr.edu.ar\/comision-reviglio\/wp-json\/wp\/v2\/types\/post"}],"author":[{"embeddable":true,"href":"https:\/\/redaccion1.fcpolit.unr.edu.ar\/comision-reviglio\/wp-json\/wp\/v2\/users\/27"}],"replies":[{"embeddable":true,"href":"https:\/\/redaccion1.fcpolit.unr.edu.ar\/comision-reviglio\/wp-json\/wp\/v2\/comments?post=251"}],"version-history":[{"count":0,"href":"https:\/\/redaccion1.fcpolit.unr.edu.ar\/comision-reviglio\/wp-json\/wp\/v2\/posts\/251\/revisions"}],"wp:attachment":[{"href":"https:\/\/redaccion1.fcpolit.unr.edu.ar\/comision-reviglio\/wp-json\/wp\/v2\/media?parent=251"}],"wp:term":[{"taxonomy":"category","embeddable":true,"href":"https:\/\/redaccion1.fcpolit.unr.edu.ar\/comision-reviglio\/wp-json\/wp\/v2\/categories?post=251"},{"taxonomy":"post_tag","embeddable":true,"href":"https:\/\/redaccion1.fcpolit.unr.edu.ar\/comision-reviglio\/wp-json\/wp\/v2\/tags?post=251"}],"curies":[{"name":"wp","href":"https:\/\/api.w.org\/{rel}","templated":true}]}}