{"id":243,"date":"2009-11-16T15:11:36","date_gmt":"2009-11-16T15:11:36","guid":{"rendered":"http:\/\/fcpolit.unr.edu.ar\/blogs\/redaccion1-reviglio\/2009\/11\/16\/notas-3er-trabajo-practico-integrador\/"},"modified":"2009-11-16T15:11:36","modified_gmt":"2009-11-16T15:11:36","slug":"notas-3er-trabajo-practico-integrador","status":"publish","type":"post","link":"https:\/\/redaccion1.fcpolit.unr.edu.ar\/comision-reviglio\/2009\/11\/16\/notas-3er-trabajo-practico-integrador\/","title":{"rendered":"Notas 3er Trabajo Pr\u00e1ctico Integrador"},"content":{"rendered":"<p>Publico a continuaci\u00f3n las notas del TP integrador n\u00famero 3.<br \/>\nLos recuperatorios de los parciales 2 y 3 se tomar\u00e1n el martes 24\/11 a las 9 hs en el aula 101.<\/p>\n<p><!--more--><br \/>\nCondis: Recupera (debe hacer recuperatorios 2 y 3)<br \/>\nFern\u00e1ndez Florencia: Muy bueno (8)<br \/>\nFern\u00e1ndez Joaqu\u00edn: Recupera (debe hacer recuperatorios 2 y 3)<br \/>\nFerrero: Sobresaliente (10)<br \/>\nGonz\u00e1lez: Recupera (puede hacer ambos recuperatorios o elegir uno)<br \/>\nLeiva: Ausente<br \/>\nMorelli: Muy bueno (8)<br \/>\nRial: Recupera (puede hacer ambos recuperatorios o elegir uno)<br \/>\nRicondo: Ausente<br \/>\nTejada: Aprobado (6)<br \/>\nTiseira: Bueno (7)<br \/>\nZini: Aprobado (6)<\/p>\n","protected":false},"excerpt":{"rendered":"<p>Publico a continuaci\u00f3n las notas del TP integrador n\u00famero 3. Los recuperatorios de los parciales 2 y 3 se tomar\u00e1n el martes 24\/11 a las 9 hs en el aula 101.<\/p>\n","protected":false},"author":27,"featured_media":0,"comment_status":"open","ping_status":"closed","sticky":false,"template":"","format":"standard","meta":{"footnotes":""},"categories":[20],"tags":[],"_links":{"self":[{"href":"https:\/\/redaccion1.fcpolit.unr.edu.ar\/comision-reviglio\/wp-json\/wp\/v2\/posts\/243"}],"collection":[{"href":"https:\/\/redaccion1.fcpolit.unr.edu.ar\/comision-reviglio\/wp-json\/wp\/v2\/posts"}],"about":[{"href":"https:\/\/redaccion1.fcpolit.unr.edu.ar\/comision-reviglio\/wp-json\/wp\/v2\/types\/post"}],"author":[{"embeddable":true,"href":"https:\/\/redaccion1.fcpolit.unr.edu.ar\/comision-reviglio\/wp-json\/wp\/v2\/users\/27"}],"replies":[{"embeddable":true,"href":"https:\/\/redaccion1.fcpolit.unr.edu.ar\/comision-reviglio\/wp-json\/wp\/v2\/comments?post=243"}],"version-history":[{"count":0,"href":"https:\/\/redaccion1.fcpolit.unr.edu.ar\/comision-reviglio\/wp-json\/wp\/v2\/posts\/243\/revisions"}],"wp:attachment":[{"href":"https:\/\/redaccion1.fcpolit.unr.edu.ar\/comision-reviglio\/wp-json\/wp\/v2\/media?parent=243"}],"wp:term":[{"taxonomy":"category","embeddable":true,"href":"https:\/\/redaccion1.fcpolit.unr.edu.ar\/comision-reviglio\/wp-json\/wp\/v2\/categories?post=243"},{"taxonomy":"post_tag","embeddable":true,"href":"https:\/\/redaccion1.fcpolit.unr.edu.ar\/comision-reviglio\/wp-json\/wp\/v2\/tags?post=243"}],"curies":[{"name":"wp","href":"https:\/\/api.w.org\/{rel}","templated":true}]}}