{"id":2411,"date":"2023-05-24T12:40:58","date_gmt":"2023-05-24T12:40:58","guid":{"rendered":"https:\/\/blogs.fcpolit.unr.edu.ar\/redaccion1-reviglio\/?p=2411"},"modified":"2023-05-24T12:40:58","modified_gmt":"2023-05-24T12:40:58","slug":"regalos-textuales-no-7-esta-vez-en-la-voz-y-la-escritura-de-tres-companeras","status":"publish","type":"post","link":"https:\/\/redaccion1.fcpolit.unr.edu.ar\/comision-reviglio\/2023\/05\/24\/regalos-textuales-no-7-esta-vez-en-la-voz-y-la-escritura-de-tres-companeras\/","title":{"rendered":"Regalos textuales N\u00ba 7: esta vez en la voz y la escritura de tres compa\u00f1eras"},"content":{"rendered":"<p>En la clase de esta semana, los regalos textuales fueron los textos que Morena, Mar\u00eda y Valentina escribieron como respuesta a la <a href=\"https:\/\/blogs.fcpolit.unr.edu.ar\/redaccion1-reviglio\/2023\/05\/15\/ejercicio-de-escritura-no4-experiencias-lectoras\/#more-2396\" rel=\"noopener\" target=\"_blank\">consigna del ejercicio N\u00ba 4<\/a>. Pasen, lean y disfruten&#8230;<!--more--><\/p>\n<p><strong>Y ahora todos sabr\u00e1n el porqu\u00e9 de mi elecci\u00f3n<\/strong><br \/>\n<em>Por Morena Clohesey<\/em><br \/>\nYo estaba en el colegio, en cuarto a\u00f1o de la secundaria, muy contenta, ri\u00e9ndome con mis amigas  cuando escuch\u00e9 a la profesora decir: \u201ccomenzaremos con la lectura de una nueva novela que tendr\u00e1n  que leer para dentro de dos semanas\u201d. Su anuncio inmediatamente gener\u00f3 en m\u00ed una cara de desagrado, hasta que mencion\u00f3 su nombre \u201cLa lluvia sabe por qu\u00e9\u201d. Leer no era de esas actividades que me gustaba hacer, pero esta novela  con su nombre me conquist\u00f3.  Vi algo en ese t\u00edtulo que adelantaba que ser\u00eda un buen libro. Y as\u00ed fue.<br \/>\n\u201cLa lluvia sabe por qu\u00e9\u201d es una obra literaria escrita por Mar\u00eda Fernanda Heredia, publicada en noviembre de 2017.<br \/>\nLa historia narra sobre c\u00f3mo dos adolescentes de diecis\u00e9is a\u00f1os, Luc\u00eda y Antonio, sobrellevan la soledad, cada uno por razones diferentes. Esta angustia,  soledad y dolor que sienten los personajes, ser\u00e1n un punto en com\u00fan. Y en esas tormentas por las que atraviesan,  la lluvia se encargar\u00e1 de unirlos.<br \/>\nEs una novela extraordinaria, que puede llevarse al mundo real y formar parte de la historia de cualquier ser humano.  Las comparaciones que hace con la lluvia y la tormenta de cada uno son incre\u00edbles, dif\u00edcil de explicar. Y no solo eso, sino que detr\u00e1s de todos aquellos problemas narra una preciosa historia de amor. El escritor hizo que me metiera definitivamente en la historia. Ahora, de grande, pude reflexionar respecto a ciertos temas que son cruciales en la sociedad, tales como el bullying, la soledad, la violencia y el maltrato.<br \/>\nEsta lectura jug\u00f3 un papel muy importante en mi vida, ya que a partir de ella cambi\u00f3 mi punto de vista acerca de lo que es leer,  y hoy puedo decir que es una actividad totalmente maravillosa, que se volvi\u00f3 una de las pr\u00e1cticas m\u00e1s cotidianas de mi d\u00eda a d\u00eda.<br \/>\nMe gustar\u00eda cerrar con una frase del libro:<br \/>\n\u201cEn la vida no vamos a poder evitar los nudos; el secreto es saber qu\u00e9 hacer con ellos, y qu\u00e9 sentido le damos.  Es a trav\u00e9s de los nudos que vamos tejiendo la vida\u201d.<\/p>\n<p><strong>Mis inicios en lectura del g\u00e9nero fant\u00e1stico<\/strong><br \/>\npor Mar\u00eda De Gottardi<\/p>\n<p>Una de mis primeras lecturas fue la del libro \u201cHarry Potter y la Piedra Filosofal\u201d, de JK Rowling. El inicio de una de las mejores sagas de la historia. Ten\u00eda alrededor de 6 a\u00f1os y mis t\u00edos, quienes no solo se encargaron de ense\u00f1arme sobre la cultura pop, tambi\u00e9n me transmitieron su pasi\u00f3n por la lectura. Claramente ambos eran aficionados por cualquier producci\u00f3n de origen anglosaj\u00f3n. Fue mi t\u00eda Agus quien me prest\u00f3 el libro: lo le\u00ed en poco tiempo, su trama logr\u00f3 atraparme.<br \/>\nDurante ese mismo a\u00f1o, mi abuela sol\u00eda quedarse en mi casa y ten\u00edamos la costumbre de a leer antes de dormir. Me acuerdo de estar hojeando los primeros cap\u00edtulos cuando me extra\u00f1\u00f3 una palabra escrita en ingl\u00e9s (\u201cmuggle\u201d), as\u00ed que detuve la lectura por un momento y le consult\u00e9 a mi abuela qu\u00e9 significaba. No ten\u00eda idea, era la primera vez que ambas escuch\u00e1bamos aquella palabra.<br \/>\nMe enamor\u00e9 de la historia, as\u00ed que me fueron prestando los libros siguientes, hasta llegar al \u00faltimo. A medida que iba descubriendo ese mundo m\u00e1gico dise\u00f1ado por la autora, tambi\u00e9n fui comprando alguno de los libros para que quedaran en mi casa, y por supuesto, fui viendo todas las pel\u00edculas. Todav\u00eda recuerdo la sorpresa que me llev\u00e9, al ver que la piedra filosofal que se describ\u00eda, no era similar a las piedras que yo observaba en un juego en l\u00ednea de la plataforma \u201cMundo Gaturro\u201d, sino que estaba representada en la pel\u00edcula de una forma totalmente distinta a la que hab\u00eda imaginado.<br \/>\nFueron pasando los a\u00f1os y volv\u00ed a leer cada uno de los libros; hasta el d\u00eda de hoy, ese mundo de fantas\u00eda me sigue transportando a un lugar seguro, repleto de recuerdos de mi ni\u00f1ez. No me canso de descubrir la historia una y otra vez, por m\u00e1s que ya conozca el final.  En ese mundo tambi\u00e9n encuentro consejos valiosos, porque no viene mal recordar cada tanto, lo m\u00e1gica que puede ser la vida.<\/p>\n<p><strong>En busca de un libro<\/strong><br \/>\n<em>por Valentina Cabruja<\/em><\/p>\n<p> Estoy en busca de un libro. No me pregunten cu\u00e1l es, porque no lo s\u00e9. Yo creo recordarlo como \u201cEl chico del espejo\u201d. De todas formas, a\u00fan no s\u00e9 si ese es su t\u00edtulo, o qui\u00e9n es su autor. Tampoco se, a pesar de mi confianza a mi memoria, si ese libro siquiera existe, o si es un relato popular que no puede llamarse \u201clibro\u201d como tal.<br \/>\n D\u00e9jenme explicarles: yo era tan solo una ni\u00f1a, y mi mam\u00e1 una genia. Recuerdo que ella form\u00f3 mi fascinaci\u00f3n por la lectura. Yo ten\u00eda dos,  tres a\u00f1os, y lloraba en la madrugada. Entonces ella me daba pilas de libros infantiles, y yo dejaba de llorar. Ni siquiera recuerdo cu\u00e1l fue el primer libro que le\u00ed, pero s\u00ed, cu\u00e1l rogaba para que ella me lea, todas las tardes antes de dormir.<br \/>\n Ella me contaba esta historia mientras yo me quedaba dormida frente a un espejo. Me susurraba las palabras, mientras me acariciaba el pelo, y yo miraba mi reflejo. Resulta que era un ni\u00f1o, que al mirarse en su espejo, ve que quien est\u00e1 del otro lado, no era \u00e9l. Y en la historia, este ni\u00f1o atraviesa el espejo, invitado por su amigo, y se va a vivir aventuras. Recuerdo imaginar. Imaginarme. Esas palabras que se volv\u00edan historia, y que cada d\u00eda iba memorizando, me llevaban a m\u00ed a desear ser esa ni\u00f1a que se encuentra con su doble del otro lado. Fue la primera vez (aunque no la \u00faltima), donde me encontr\u00e9 dentro de la historia.<br \/>\n Definitivamente fue mi cuento favorito cuando era chiquita, y uno de los que marc\u00f3 mi pasi\u00f3n por leer y escuchar historias. Siempre le preguntaba a mi mam\u00e1 como segu\u00eda el relato. El final, se encuentra dentro de mis sue\u00f1os, porque nunca llegu\u00e9 despierta a escucharlo.<br \/>\n Quiz\u00e1 es un cuento insignificante, perdido en la masividad de cuentos creados para ni\u00f1os, algunos m\u00e1s conocidos que otros. Pero este, particularmente, no lo logre olvidar nunca. Si lo conocen, no duden en avisarme: estoy en busca de un libro.<\/p>\n","protected":false},"excerpt":{"rendered":"<p>En la clase de esta semana, los regalos textuales fueron los textos que Morena, Mar\u00eda y Valentina escribieron como respuesta a la consigna del ejercicio N\u00ba 4. Pasen, lean y disfruten&#8230;<\/p>\n","protected":false},"author":17,"featured_media":0,"comment_status":"open","ping_status":"open","sticky":false,"template":"","format":"standard","meta":{"footnotes":""},"categories":[10,29],"tags":[],"_links":{"self":[{"href":"https:\/\/redaccion1.fcpolit.unr.edu.ar\/comision-reviglio\/wp-json\/wp\/v2\/posts\/2411"}],"collection":[{"href":"https:\/\/redaccion1.fcpolit.unr.edu.ar\/comision-reviglio\/wp-json\/wp\/v2\/posts"}],"about":[{"href":"https:\/\/redaccion1.fcpolit.unr.edu.ar\/comision-reviglio\/wp-json\/wp\/v2\/types\/post"}],"author":[{"embeddable":true,"href":"https:\/\/redaccion1.fcpolit.unr.edu.ar\/comision-reviglio\/wp-json\/wp\/v2\/users\/17"}],"replies":[{"embeddable":true,"href":"https:\/\/redaccion1.fcpolit.unr.edu.ar\/comision-reviglio\/wp-json\/wp\/v2\/comments?post=2411"}],"version-history":[{"count":0,"href":"https:\/\/redaccion1.fcpolit.unr.edu.ar\/comision-reviglio\/wp-json\/wp\/v2\/posts\/2411\/revisions"}],"wp:attachment":[{"href":"https:\/\/redaccion1.fcpolit.unr.edu.ar\/comision-reviglio\/wp-json\/wp\/v2\/media?parent=2411"}],"wp:term":[{"taxonomy":"category","embeddable":true,"href":"https:\/\/redaccion1.fcpolit.unr.edu.ar\/comision-reviglio\/wp-json\/wp\/v2\/categories?post=2411"},{"taxonomy":"post_tag","embeddable":true,"href":"https:\/\/redaccion1.fcpolit.unr.edu.ar\/comision-reviglio\/wp-json\/wp\/v2\/tags?post=2411"}],"curies":[{"name":"wp","href":"https:\/\/api.w.org\/{rel}","templated":true}]}}