{"id":24,"date":"2006-04-21T20:36:06","date_gmt":"2006-04-21T20:36:06","guid":{"rendered":"http:\/\/fcpolit.unr.edu.ar\/blogs\/redaccion1-reviglio\/2006\/04\/21\/para-la-clase-proxima\/"},"modified":"2006-04-21T20:36:06","modified_gmt":"2006-04-21T20:36:06","slug":"para-la-clase-proxima","status":"publish","type":"post","link":"https:\/\/redaccion1.fcpolit.unr.edu.ar\/comision-reviglio\/2006\/04\/21\/para-la-clase-proxima\/","title":{"rendered":"Para la clase pr\u00f3xima"},"content":{"rendered":"<p>Hola a todos! La clase pasada estuvimos trabajando los primeros temas de la Unidad uno: qu\u00e9 es la redacci\u00f3n, las diferencias entre la oralidad y la escritura, los modos de aprender en relaci\u00f3n con dos modos de leer y tambi\u00e9n los dos tipos de prosa que hay y a partir de las cuales trabajaremos todo el a\u00f1o.<\/p>\n<p><!--more--><br \/>\nEl nivel de lectura de los textos te\u00f3ricos fue muy bueno y la clase pudo ser participativa y din\u00e1mica. Esto es muy bueno, ya que e, aprendizaje se logra de esta manera.<br \/>\nTambi\u00e9n presentamos a un nuevo integrante de la comisi\u00f3n: Cristian, nuestro ayudante alumno, quien particip\u00f3 de la clase y del taller de lectura haciendo aportes muy interesantes.<br \/>\n\u00bfQu\u00e9 hay para la pr\u00f3xima? Pues bien, tareas de escritura y de lectura. Aqu\u00ed van:<br \/>\n<u>Tareas de lectura para la clase pr\u00f3xima:<\/u><br \/>\n1.\tTexto base 3: La escritura como proceso cognitivo y comunicativo&#8221;<br \/>\n2.\tTextos fuentes: &#8220;El oficio de escribir&#8221; y &#8220;Funci\u00f3n social de la lengua escrita&#8221;<br \/>\n3.\tTexto base 4: &#8220;Un modelo te\u00f3rico para entender el mundo del escritor&#8221;<br \/>\n4.\tTextos fuentes: &#8220;Memorias a largo plazo y corto plazo&#8221; y &#8220;La compaljidad de la memoria.&#8221;<br \/>\n5.\tDiarios para el taller de lectura<br \/>\n<u><strong>Trabajo pr\u00e1ctico N\u00b02<\/strong><\/u>1.\tLeer el texto &#8220;La m\u00e1quina de leer&#8221; de Beatriz Sarlo (es un texto complementario de la unidad uno. Est\u00e1 publicado en la p\u00e1gina)<br \/>\n2.\tResumir el texto en 10 l\u00edneas<br \/>\n3.\tLa autora compara a la lectura con un &#8220;aleph&#8221;. \u00bfQu\u00e9 es un aleph?<br \/>\n4.\tBusc\u00e1 y le\u00e9 el cuento de Jorge Luis Borges  titulado &#8220;El aleph&#8221; que forma parte de un libro de cuentos con el mismo nombre.<br \/>\n5.\t\u00bfC\u00f3mo describe Borges al aleph?<br \/>\n6.\t\u00bfPor qu\u00e9 cre\u00e9s que Sarlo usa ese concepto para compararlo con la lectura?<br \/>\nNos vemos el lunes pr\u00f3ximo.<\/p>\n","protected":false},"excerpt":{"rendered":"<p>Hola a todos! La clase pasada estuvimos trabajando los primeros temas de la Unidad uno: qu\u00e9 es la redacci\u00f3n, las diferencias entre la oralidad y la escritura, los modos de aprender en relaci\u00f3n con dos modos de leer y tambi\u00e9n los dos tipos de prosa que hay y a partir de las cuales trabajaremos todo [&hellip;]<\/p>\n","protected":false},"author":27,"featured_media":0,"comment_status":"open","ping_status":"closed","sticky":false,"template":"","format":"standard","meta":{"footnotes":""},"categories":[20],"tags":[],"_links":{"self":[{"href":"https:\/\/redaccion1.fcpolit.unr.edu.ar\/comision-reviglio\/wp-json\/wp\/v2\/posts\/24"}],"collection":[{"href":"https:\/\/redaccion1.fcpolit.unr.edu.ar\/comision-reviglio\/wp-json\/wp\/v2\/posts"}],"about":[{"href":"https:\/\/redaccion1.fcpolit.unr.edu.ar\/comision-reviglio\/wp-json\/wp\/v2\/types\/post"}],"author":[{"embeddable":true,"href":"https:\/\/redaccion1.fcpolit.unr.edu.ar\/comision-reviglio\/wp-json\/wp\/v2\/users\/27"}],"replies":[{"embeddable":true,"href":"https:\/\/redaccion1.fcpolit.unr.edu.ar\/comision-reviglio\/wp-json\/wp\/v2\/comments?post=24"}],"version-history":[{"count":0,"href":"https:\/\/redaccion1.fcpolit.unr.edu.ar\/comision-reviglio\/wp-json\/wp\/v2\/posts\/24\/revisions"}],"wp:attachment":[{"href":"https:\/\/redaccion1.fcpolit.unr.edu.ar\/comision-reviglio\/wp-json\/wp\/v2\/media?parent=24"}],"wp:term":[{"taxonomy":"category","embeddable":true,"href":"https:\/\/redaccion1.fcpolit.unr.edu.ar\/comision-reviglio\/wp-json\/wp\/v2\/categories?post=24"},{"taxonomy":"post_tag","embeddable":true,"href":"https:\/\/redaccion1.fcpolit.unr.edu.ar\/comision-reviglio\/wp-json\/wp\/v2\/tags?post=24"}],"curies":[{"name":"wp","href":"https:\/\/api.w.org\/{rel}","templated":true}]}}