{"id":236,"date":"2009-10-06T15:07:58","date_gmt":"2009-10-06T15:07:58","guid":{"rendered":"http:\/\/fcpolit.unr.edu.ar\/blogs\/redaccion1-reviglio\/2009\/10\/06\/resumen-clase-17-del-6-de-octubre\/"},"modified":"2009-10-06T15:07:58","modified_gmt":"2009-10-06T15:07:58","slug":"resumen-clase-17-del-6-de-octubre","status":"publish","type":"post","link":"https:\/\/redaccion1.fcpolit.unr.edu.ar\/comision-reviglio\/2009\/10\/06\/resumen-clase-17-del-6-de-octubre\/","title":{"rendered":"Resumen clase 17 del 6 de octubre"},"content":{"rendered":"<p><img loading=\"lazy\" decoding=\"async\" alt=\"Torres%20Garcia%20I.jpg\" src=\"http:\/\/www.bdp.org.ar\/facultad\/catedras\/comsoc\/redaccion1\/reviglio\/Torres%20Garcia%20I.jpg\" width=\"109\" height=\"79\" \/><br \/>\nHola a todos. Hoy tomamos el segundo parcial como hab\u00edamos quedado. La semana pr\u00f3xima charlaremos sobre el recuperatorio y tambi\u00e9n sobre el TP Final de la materia, por lo cual les sugiero a todos que est\u00e9n presentes.<\/p>\n<p><!--more--><br \/>\nTambi\u00e9n comenzaremos a estudiar la Unidad 6 que refiere a la Narraci\u00f3n. Para ello, les pido que lean:<br \/>\n<a href=\"http:\/\/www.bdp.org.ar\/facultad\/catedras\/comsoc\/redaccion1\/unidades\/2008\/04\/la_narracion_como_una_de_las_d.php\">La narraci\u00f3n como una de las dos grandes tendencias en la elaboraci\u00f3n de textos<\/a><br \/>\n<a href=\"http:\/\/www.bdp.org.ar\/facultad\/catedras\/comsoc\/redaccion1\/unidades\/2008\/04\/breves_nociones_teoricas_sobre.php\">Breves nociones te\u00f3ricas sobre la evoluci\u00f3n hist\u00f3rica del relato<\/a><br \/>\n<a href=\"http:\/\/www.bdp.org.ar\/facultad\/catedras\/comsoc\/redaccion1\/unidades\/2008\/04\/dos_modalidades_de_pensamiento.php\">Dos modalidades de pensamiento<\/a><br \/>\n<a href=\"http:\/\/www.bdp.org.ar\/facultad\/catedras\/comsoc\/redaccion1\/unidades\/2008\/04\/la_inteligibilidad_narrativa.php\">La intelegibilidad narrativa<\/a><br \/>\n<a href=\"http:\/\/www.bdp.org.ar\/facultad\/catedras\/comsoc\/redaccion1\/unidades\/2008\/04\/arte_poetica_de_aristoteles.php\">Arte po\u00e9tica<\/a><br \/>\n<a href=\"http:\/\/www.bdp.org.ar\/facultad\/catedras\/comsoc\/redaccion1\/unidades\/2008\/04\/morfologia_del_cuento.php\">Morfolog\u00eda del cuento<\/a><br \/>\n<a href=\"http:\/\/www.bdp.org.ar\/facultad\/catedras\/comsoc\/redaccion1\/unidades\/2008\/04\/analisis_estructural_de_los_re.php\">An\u00e1lisis estructural de los relatos<\/a><br \/>\n<strong>Un aviso importante<\/strong>:<br \/>\nEl martes 13\/10 es la \u00faltima fecha para entregar los TP (18, 19, 20 y 21)  y Actividades (10, 11 y 12) de la unidad cuatro. Los que no los entreguen en ese momento, ya no podr\u00e1n hacerlo.<br \/>\nNos vemos el martes.<\/p>\n","protected":false},"excerpt":{"rendered":"<p>Hola a todos. Hoy tomamos el segundo parcial como hab\u00edamos quedado. La semana pr\u00f3xima charlaremos sobre el recuperatorio y tambi\u00e9n sobre el TP Final de la materia, por lo cual les sugiero a todos que est\u00e9n presentes.<\/p>\n","protected":false},"author":27,"featured_media":0,"comment_status":"open","ping_status":"closed","sticky":false,"template":"","format":"standard","meta":{"footnotes":""},"categories":[18],"tags":[],"_links":{"self":[{"href":"https:\/\/redaccion1.fcpolit.unr.edu.ar\/comision-reviglio\/wp-json\/wp\/v2\/posts\/236"}],"collection":[{"href":"https:\/\/redaccion1.fcpolit.unr.edu.ar\/comision-reviglio\/wp-json\/wp\/v2\/posts"}],"about":[{"href":"https:\/\/redaccion1.fcpolit.unr.edu.ar\/comision-reviglio\/wp-json\/wp\/v2\/types\/post"}],"author":[{"embeddable":true,"href":"https:\/\/redaccion1.fcpolit.unr.edu.ar\/comision-reviglio\/wp-json\/wp\/v2\/users\/27"}],"replies":[{"embeddable":true,"href":"https:\/\/redaccion1.fcpolit.unr.edu.ar\/comision-reviglio\/wp-json\/wp\/v2\/comments?post=236"}],"version-history":[{"count":0,"href":"https:\/\/redaccion1.fcpolit.unr.edu.ar\/comision-reviglio\/wp-json\/wp\/v2\/posts\/236\/revisions"}],"wp:attachment":[{"href":"https:\/\/redaccion1.fcpolit.unr.edu.ar\/comision-reviglio\/wp-json\/wp\/v2\/media?parent=236"}],"wp:term":[{"taxonomy":"category","embeddable":true,"href":"https:\/\/redaccion1.fcpolit.unr.edu.ar\/comision-reviglio\/wp-json\/wp\/v2\/categories?post=236"},{"taxonomy":"post_tag","embeddable":true,"href":"https:\/\/redaccion1.fcpolit.unr.edu.ar\/comision-reviglio\/wp-json\/wp\/v2\/tags?post=236"}],"curies":[{"name":"wp","href":"https:\/\/api.w.org\/{rel}","templated":true}]}}