{"id":2341,"date":"2023-04-10T17:48:42","date_gmt":"2023-04-10T17:48:42","guid":{"rendered":"https:\/\/blogs.fcpolit.unr.edu.ar\/redaccion1-reviglio\/?p=2341"},"modified":"2023-04-10T17:48:42","modified_gmt":"2023-04-10T17:48:42","slug":"regalo-textual-1-bajo-asedio","status":"publish","type":"post","link":"https:\/\/redaccion1.fcpolit.unr.edu.ar\/comision-reviglio\/2023\/04\/10\/regalo-textual-1-bajo-asedio\/","title":{"rendered":"Regalo textual 1: Bajo asedio"},"content":{"rendered":"<p><a href=\"https:\/\/blogs.fcpolit.unr.edu.ar\/redaccion1-reviglio\/files\/2023\/04\/Guerriero_Biblioteca.jpg\"><img loading=\"lazy\" decoding=\"async\" src=\"https:\/\/blogs.fcpolit.unr.edu.ar\/redaccion1-reviglio\/files\/2023\/04\/Guerriero_Biblioteca.jpg\" alt=\"\" width=\"246\" height=\"205\" class=\"alignleft size-full wp-image-2342\" \/><\/a><strong>Me gustar\u00eda que fuera de otro modo pero, si quiero escribir, la vida debe oponerme resistencia<\/strong><em><\/p>\n<p><em>Por Leila Guerriero<\/em><!--more--><\/p>\n<p>En una clase ante 40 periodistas pregunt\u00e9, a ra\u00edz de la biograf\u00eda que public\u00f3 Carme Riera sobre ella, si sab\u00edan qui\u00e9n era Carmen Balcells. Dos dijeron que s\u00ed. Por alg\u00fan motivo pueden permitirse ignorar qui\u00e9n fue la agente literaria que impuls\u00f3 uno de los m\u00e1s impactantes movimientos literarios del siglo XX. Los tiempos cambian: yo supe de Balcells siendo muy chica. Me impresion\u00f3 entonces enterarme de que a escritores como Garc\u00eda M\u00e1rquez o Vargas Llosa les pagaba el alquiler, las ni\u00f1eras y hasta las vacaciones para que no hicieran otra cosa que lo suyo: escribir obras maestras. Yo quer\u00eda ser escritora (cre\u00eda que de ficci\u00f3n), pero no imaginaba c\u00f3mo lograr, con eso, sustento econ\u00f3mico. Cuando supe lo que hab\u00eda hecho Balcells, cre\u00ed que ese era el camino: conseguir un mecenas monumental que mantuviera alejadas las preocupaciones dom\u00e9sticas mientras yo me amurallaba en la torre blanca de la creaci\u00f3n. Por supuesto, jam\u00e1s lo consegu\u00ed, pero ahora s\u00e9 que eso me hubiera impedido escribir una sola p\u00e1gina. Me gustar\u00eda que fuera de otro modo, pero, si quiero escribir, la vida debe oponerme resistencia. La escritura me funciona bajo asedio: bajo el asedio de las distracciones, de las obligaciones diarias. Necesito cerrar la puerta a muchas cosas, organizar con disciplina los trabajos y los d\u00edas para lograr ese vac\u00edo donde, a veces, algo sucede. Me miro ahora, programando entrevistas, dando clases, editando, haciendo la lista de la compra, leyendo diarios, preparando una conferencia, comprando libros, saliendo a correr, pagando las cuentas. El barullo santo y necesario. Uno escribe para perderse y no para encontrarse, dec\u00eda Le\u00f3nidas Lamborghini. Si el camino est\u00e1 despejado, \u00bfc\u00f3mo va a perderse uno? Hay un poema de Richard Siken que dice: \u201cNunca hay accidentes cuando la habitaci\u00f3n est\u00e1 vac\u00eda\u201d. Yo no necesito el accidente: necesito saber que existe y defenderme de \u00e9l.<\/p>\n<p><a href=\"https:\/\/elpais.com\/opinion\/2022-05-25\/bajo-asedio.html\" rel=\"noopener\" target=\"_blank\">El Pa\u00eds, 25\/05\/2022<\/a><\/p>\n","protected":false},"excerpt":{"rendered":"<p>Me gustar\u00eda que fuera de otro modo pero, si quiero escribir, la vida debe oponerme resistencia Por Leila Guerriero<\/p>\n","protected":false},"author":17,"featured_media":0,"comment_status":"open","ping_status":"open","sticky":false,"template":"","format":"standard","meta":{"footnotes":""},"categories":[10,29],"tags":[],"_links":{"self":[{"href":"https:\/\/redaccion1.fcpolit.unr.edu.ar\/comision-reviglio\/wp-json\/wp\/v2\/posts\/2341"}],"collection":[{"href":"https:\/\/redaccion1.fcpolit.unr.edu.ar\/comision-reviglio\/wp-json\/wp\/v2\/posts"}],"about":[{"href":"https:\/\/redaccion1.fcpolit.unr.edu.ar\/comision-reviglio\/wp-json\/wp\/v2\/types\/post"}],"author":[{"embeddable":true,"href":"https:\/\/redaccion1.fcpolit.unr.edu.ar\/comision-reviglio\/wp-json\/wp\/v2\/users\/17"}],"replies":[{"embeddable":true,"href":"https:\/\/redaccion1.fcpolit.unr.edu.ar\/comision-reviglio\/wp-json\/wp\/v2\/comments?post=2341"}],"version-history":[{"count":0,"href":"https:\/\/redaccion1.fcpolit.unr.edu.ar\/comision-reviglio\/wp-json\/wp\/v2\/posts\/2341\/revisions"}],"wp:attachment":[{"href":"https:\/\/redaccion1.fcpolit.unr.edu.ar\/comision-reviglio\/wp-json\/wp\/v2\/media?parent=2341"}],"wp:term":[{"taxonomy":"category","embeddable":true,"href":"https:\/\/redaccion1.fcpolit.unr.edu.ar\/comision-reviglio\/wp-json\/wp\/v2\/categories?post=2341"},{"taxonomy":"post_tag","embeddable":true,"href":"https:\/\/redaccion1.fcpolit.unr.edu.ar\/comision-reviglio\/wp-json\/wp\/v2\/tags?post=2341"}],"curies":[{"name":"wp","href":"https:\/\/api.w.org\/{rel}","templated":true}]}}