{"id":2331,"date":"2023-04-04T21:18:44","date_gmt":"2023-04-04T21:18:44","guid":{"rendered":"https:\/\/blogs.fcpolit.unr.edu.ar\/redaccion1-reviglio\/?p=2331"},"modified":"2023-04-04T21:18:44","modified_gmt":"2023-04-04T21:18:44","slug":"primer-ejercicio-de-escritura-que-es-escribir","status":"publish","type":"post","link":"https:\/\/redaccion1.fcpolit.unr.edu.ar\/comision-reviglio\/2023\/04\/04\/primer-ejercicio-de-escritura-que-es-escribir\/","title":{"rendered":"Primer ejercicio de escritura: \u00bfQu\u00e9 es escribir?"},"content":{"rendered":"<p><a href=\"https:\/\/blogs.fcpolit.unr.edu.ar\/redaccion1-reviglio\/files\/2023\/04\/Escritura.jpg\"><img loading=\"lazy\" decoding=\"async\" src=\"https:\/\/blogs.fcpolit.unr.edu.ar\/redaccion1-reviglio\/files\/2023\/04\/Escritura-300x200.jpg\" alt=\"\" width=\"300\" height=\"200\" class=\"alignleft size-medium wp-image-2332\" \/><\/a><strong>Objetivo:<\/strong> Que los estudiantes puedan reflexionar sobre su propia pr\u00e1ctica de la escritura, elaboren un texto sobre ello y puedan ensayar varias versiones (reescritura).<\/p>\n<p><strong>Consigna:<\/strong><!--more--><\/p>\n<p>1)\tEn clase, escriban un texto breve en el que cada uno cuente qu\u00e9 es para s\u00ed mismo escribir. Pueden escribir una historia, una an\u00e9cdota, una opini\u00f3n, una idea, etc., en la que digan qu\u00e9 es la escritura para cada uno.<br \/>\nAlgunas orientaciones: \u00bfQu\u00e9 es escribir para m\u00ed? \u00bfCu\u00e1ndo escribo? \u00bfPara qu\u00e9 escribo? \u00bfQu\u00e9 escribo? \u00bfQu\u00e9 me pasa cuando tengo que escribir? \u00bfQu\u00e9 me pasa si no escribo? Otra orientaci\u00f3n: el <a href=\"https:\/\/blogs.fcpolit.unr.edu.ar\/redaccion1-reviglio\/2023\/04\/04\/victor-hugo-el-bombero-y-yo-obvio-sobre-la-escritura-en-primera-persona-fragmento\/\" rel=\"noopener\" target=\"_blank\">texto de Victoria De Masi<\/a>.<br \/>\n2)\tSe leer\u00e1n los textos en clase y se comentar\u00e1n.<br \/>\n3)\tLean algunos de los textos publicados sobre <a href=\"https:\/\/drive.google.com\/drive\/folders\/1x2yEb_YoJ7ICBllroLP1q_ckHlZp_EbL?usp=share_link\" rel=\"noopener\" target=\"_blank\">el oficio de escribir<\/a>. Tomen notas, reflexionen, se\u00f1alen.<br \/>\n4)\tRevisen el texto escrito en clase y a partir de esa revisi\u00f3n, de las ideas que pueden haber surgido de los textos le\u00eddos y de los escuchados de los compa\u00f1eros, reescriban el texto propio.<br \/>\n5)\t\u00bfSe animan a un t\u00edtulo?<\/p>\n<p>Enviar como archivo de Word adjunto a ceciliareviglio@hotmail.com antes del martes 11 de abril. El archivo debe llevar como nombre: Apellido_Red1_C3_TPEjercicio1 y el mail debe llevar por asunto: Redacci\u00f3n 1 \u2013 TP Ejercicio 1 (Revisen las <a href=\"https:\/\/blogs.fcpolit.unr.edu.ar\/redaccion1-reviglio\/2023\/04\/03\/ponerse-de-acuerdo-pautas-importantes-para-cursar-la-materia\/\" rel=\"noopener\" target=\"_blank\">indicaciones aqu\u00ed publicadas<\/a>).<\/p>\n","protected":false},"excerpt":{"rendered":"<p>Objetivo: Que los estudiantes puedan reflexionar sobre su propia pr\u00e1ctica de la escritura, elaboren un texto sobre ello y puedan ensayar varias versiones (reescritura). Consigna:<\/p>\n","protected":false},"author":17,"featured_media":0,"comment_status":"open","ping_status":"open","sticky":false,"template":"","format":"standard","meta":{"footnotes":""},"categories":[10,11],"tags":[],"_links":{"self":[{"href":"https:\/\/redaccion1.fcpolit.unr.edu.ar\/comision-reviglio\/wp-json\/wp\/v2\/posts\/2331"}],"collection":[{"href":"https:\/\/redaccion1.fcpolit.unr.edu.ar\/comision-reviglio\/wp-json\/wp\/v2\/posts"}],"about":[{"href":"https:\/\/redaccion1.fcpolit.unr.edu.ar\/comision-reviglio\/wp-json\/wp\/v2\/types\/post"}],"author":[{"embeddable":true,"href":"https:\/\/redaccion1.fcpolit.unr.edu.ar\/comision-reviglio\/wp-json\/wp\/v2\/users\/17"}],"replies":[{"embeddable":true,"href":"https:\/\/redaccion1.fcpolit.unr.edu.ar\/comision-reviglio\/wp-json\/wp\/v2\/comments?post=2331"}],"version-history":[{"count":0,"href":"https:\/\/redaccion1.fcpolit.unr.edu.ar\/comision-reviglio\/wp-json\/wp\/v2\/posts\/2331\/revisions"}],"wp:attachment":[{"href":"https:\/\/redaccion1.fcpolit.unr.edu.ar\/comision-reviglio\/wp-json\/wp\/v2\/media?parent=2331"}],"wp:term":[{"taxonomy":"category","embeddable":true,"href":"https:\/\/redaccion1.fcpolit.unr.edu.ar\/comision-reviglio\/wp-json\/wp\/v2\/categories?post=2331"},{"taxonomy":"post_tag","embeddable":true,"href":"https:\/\/redaccion1.fcpolit.unr.edu.ar\/comision-reviglio\/wp-json\/wp\/v2\/tags?post=2331"}],"curies":[{"name":"wp","href":"https:\/\/api.w.org\/{rel}","templated":true}]}}