{"id":231,"date":"2009-09-29T20:39:06","date_gmt":"2009-09-29T20:39:06","guid":{"rendered":"http:\/\/fcpolit.unr.edu.ar\/blogs\/redaccion1-reviglio\/2009\/09\/29\/trabajo-practico-22-noticias-desde-la-web\/"},"modified":"2009-09-29T20:39:06","modified_gmt":"2009-09-29T20:39:06","slug":"trabajo-practico-22-noticias-desde-la-web","status":"publish","type":"post","link":"https:\/\/redaccion1.fcpolit.unr.edu.ar\/comision-reviglio\/2009\/09\/29\/trabajo-practico-22-noticias-desde-la-web\/","title":{"rendered":"Trabajo pr\u00e1ctico 22: Noticias desde la web"},"content":{"rendered":"<p><img loading=\"lazy\" decoding=\"async\" alt=\"compu%20vs%20diarios.jpg\" src=\"http:\/\/www.bdp.org.ar\/facultad\/catedras\/comsoc\/redaccion1\/reviglio\/compu%20vs%20diarios.jpg\" width=\"129\" height=\"60\" \/><br \/>\n<em>Por Franco Motta y Daniela S\u00e1nchez<\/em><br \/>\nLos siguientes links te derivar\u00e1n a un acontecimiento noticioso que fue abordado y trabajado de forma diferente por dos medios digitales.<\/p>\n<p><!--more--><br \/>\n<a href=\"http:\/\/www.lacapital.com.ar\/contenidos\/2009\/09\/22\/noticia_0023.html\">La Capital<\/a><br \/>\n<a href=\"http:\/\/www.lanacion.com.ar\/nota.asp?nota_id=1177531\">La Naci\u00f3n<\/a><br \/>\nTras leer y explorar ambas noticias, teniendo en cuenta los contenidos trabajados en la clase de peri\u00f3dicos digitales e hipertexto:<br \/>\n1.- Analiza y comp\u00e1ralas.<br \/>\n2.- Distingue y nombra los elementos y caracter\u00edsticas que las componen<br \/>\n3.- Explica que rol cumplen.<br \/>\n4.- Tambi\u00e9n detalla semejanzas y diferencias en la modalidad de presentaci\u00f3n y trabajo que cada medio ejerci\u00f3 sobre la noticia.<br \/>\n5.- \u00bfPrefer\u00eds alguna por sobre otra? \u00bfPor qu\u00e9? \u00bfQu\u00e9 cambiar\u00edas, agregar\u00edas o quitar\u00edas en cada caso?<br \/>\n<strong>Fecha de entrega: viernes 9 de octubre<\/strong><\/p>\n","protected":false},"excerpt":{"rendered":"<p>Por Franco Motta y Daniela S\u00e1nchez Los siguientes links te derivar\u00e1n a un acontecimiento noticioso que fue abordado y trabajado de forma diferente por dos medios digitales.<\/p>\n","protected":false},"author":17,"featured_media":0,"comment_status":"open","ping_status":"closed","sticky":false,"template":"","format":"standard","meta":{"footnotes":""},"categories":[39],"tags":[],"_links":{"self":[{"href":"https:\/\/redaccion1.fcpolit.unr.edu.ar\/comision-reviglio\/wp-json\/wp\/v2\/posts\/231"}],"collection":[{"href":"https:\/\/redaccion1.fcpolit.unr.edu.ar\/comision-reviglio\/wp-json\/wp\/v2\/posts"}],"about":[{"href":"https:\/\/redaccion1.fcpolit.unr.edu.ar\/comision-reviglio\/wp-json\/wp\/v2\/types\/post"}],"author":[{"embeddable":true,"href":"https:\/\/redaccion1.fcpolit.unr.edu.ar\/comision-reviglio\/wp-json\/wp\/v2\/users\/17"}],"replies":[{"embeddable":true,"href":"https:\/\/redaccion1.fcpolit.unr.edu.ar\/comision-reviglio\/wp-json\/wp\/v2\/comments?post=231"}],"version-history":[{"count":0,"href":"https:\/\/redaccion1.fcpolit.unr.edu.ar\/comision-reviglio\/wp-json\/wp\/v2\/posts\/231\/revisions"}],"wp:attachment":[{"href":"https:\/\/redaccion1.fcpolit.unr.edu.ar\/comision-reviglio\/wp-json\/wp\/v2\/media?parent=231"}],"wp:term":[{"taxonomy":"category","embeddable":true,"href":"https:\/\/redaccion1.fcpolit.unr.edu.ar\/comision-reviglio\/wp-json\/wp\/v2\/categories?post=231"},{"taxonomy":"post_tag","embeddable":true,"href":"https:\/\/redaccion1.fcpolit.unr.edu.ar\/comision-reviglio\/wp-json\/wp\/v2\/tags?post=231"}],"curies":[{"name":"wp","href":"https:\/\/api.w.org\/{rel}","templated":true}]}}