{"id":228,"date":"2009-09-23T09:46:42","date_gmt":"2009-09-23T09:46:42","guid":{"rendered":"http:\/\/fcpolit.unr.edu.ar\/blogs\/redaccion1-reviglio\/2009\/09\/23\/trabajo-practico-19-ampliar-desde-el-titulo\/"},"modified":"2009-09-23T09:46:42","modified_gmt":"2009-09-23T09:46:42","slug":"trabajo-practico-19-ampliar-desde-el-titulo","status":"publish","type":"post","link":"https:\/\/redaccion1.fcpolit.unr.edu.ar\/comision-reviglio\/2009\/09\/23\/trabajo-practico-19-ampliar-desde-el-titulo\/","title":{"rendered":"Trabajo Pr\u00e1ctico 19: Ampliar desde el t\u00edtulo"},"content":{"rendered":"<p>Te proponemos que elijas uno de los t\u00edtulos que encontrar\u00e1s siguiendo este <a href=\"http:\/\/www.bdp.org.ar\/facultad\/catedras\/comsoc\/redaccion1\/unidades\/2008\/03\/ampliar_desde_el_titulo.php\">link<\/a>.<\/p>\n<p><!--more--><br \/>\nA partir del mismo, redact\u00e1 una noticia de al menos tres p\u00e1rrafos que resulte coherente con el t\u00edtulo.<br \/>\nRecord\u00e1 que los textos deben ser independientes sint\u00e1cticamente del t\u00edtulo. Por lo cual, deber\u00e1n tomar el titular a manera de superestructura, pero recordando que la comprensi\u00f3n de la noticia no puede estar sujeta a la lectura del titular.<br \/>\nTe sugerimos que incorpores a la redacci\u00f3n de esta noticia los elementos que hemos aprendido durante el cursado de Redacci\u00f3n: citas textuales, factores de coherencia, mecanismos de cohesi\u00f3n, etc.<\/p>\n","protected":false},"excerpt":{"rendered":"<p>Te proponemos que elijas uno de los t\u00edtulos que encontrar\u00e1s siguiendo este link.<\/p>\n","protected":false},"author":27,"featured_media":0,"comment_status":"open","ping_status":"closed","sticky":false,"template":"","format":"standard","meta":{"footnotes":""},"categories":[39],"tags":[],"_links":{"self":[{"href":"https:\/\/redaccion1.fcpolit.unr.edu.ar\/comision-reviglio\/wp-json\/wp\/v2\/posts\/228"}],"collection":[{"href":"https:\/\/redaccion1.fcpolit.unr.edu.ar\/comision-reviglio\/wp-json\/wp\/v2\/posts"}],"about":[{"href":"https:\/\/redaccion1.fcpolit.unr.edu.ar\/comision-reviglio\/wp-json\/wp\/v2\/types\/post"}],"author":[{"embeddable":true,"href":"https:\/\/redaccion1.fcpolit.unr.edu.ar\/comision-reviglio\/wp-json\/wp\/v2\/users\/27"}],"replies":[{"embeddable":true,"href":"https:\/\/redaccion1.fcpolit.unr.edu.ar\/comision-reviglio\/wp-json\/wp\/v2\/comments?post=228"}],"version-history":[{"count":0,"href":"https:\/\/redaccion1.fcpolit.unr.edu.ar\/comision-reviglio\/wp-json\/wp\/v2\/posts\/228\/revisions"}],"wp:attachment":[{"href":"https:\/\/redaccion1.fcpolit.unr.edu.ar\/comision-reviglio\/wp-json\/wp\/v2\/media?parent=228"}],"wp:term":[{"taxonomy":"category","embeddable":true,"href":"https:\/\/redaccion1.fcpolit.unr.edu.ar\/comision-reviglio\/wp-json\/wp\/v2\/categories?post=228"},{"taxonomy":"post_tag","embeddable":true,"href":"https:\/\/redaccion1.fcpolit.unr.edu.ar\/comision-reviglio\/wp-json\/wp\/v2\/tags?post=228"}],"curies":[{"name":"wp","href":"https:\/\/api.w.org\/{rel}","templated":true}]}}