{"id":226,"date":"2009-09-21T11:32:42","date_gmt":"2009-09-21T11:32:42","guid":{"rendered":"http:\/\/fcpolit.unr.edu.ar\/blogs\/redaccion1-reviglio\/2009\/09\/21\/saludo-dia-del-estudiante\/"},"modified":"2009-09-21T11:32:42","modified_gmt":"2009-09-21T11:32:42","slug":"saludo-dia-del-estudiante","status":"publish","type":"post","link":"https:\/\/redaccion1.fcpolit.unr.edu.ar\/comision-reviglio\/2009\/09\/21\/saludo-dia-del-estudiante\/","title":{"rendered":"Saludo d\u00eda del estudiante"},"content":{"rendered":"<p><img loading=\"lazy\" decoding=\"async\" alt=\"el%20arbol%20de%20la%20vida%20_Klimt.jpg\" src=\"http:\/\/www.bdp.org.ar\/facultad\/catedras\/comsoc\/redaccion1\/reviglio\/el%20arbol%20de%20la%20vida%20_Klimt.jpg\" width=\"100\" height=\"135\" \/><br \/>\n<strong>\u00a1Feliz d\u00eda, queridos estudiantes!<\/strong><br \/>\nTengo el recuerdo muy v\u00edvido de los festejos del d\u00eda de la Primvera cuando era estudiante ya que los disfrutaba mucho. Hoy sigue siendo para m\u00ed un d\u00eda especial porque me sigo sintiendo estudiante, tal como reza la &#8220;marcha del estudiante&#8221;: &#8220;&#8230; los que son,  los que lo fueron antes, los que por siempre tienen de estudiantes para toda la vida el coraz\u00f3n&#8221;.<br \/>\n\u00a1Feliz d\u00eda del estudiante!<br \/>\nNos vemos ma\u00f1ana en la clase&#8230;<\/p>\n","protected":false},"excerpt":{"rendered":"<p>\u00a1Feliz d\u00eda, queridos estudiantes! Tengo el recuerdo muy v\u00edvido de los festejos del d\u00eda de la Primvera cuando era estudiante ya que los disfrutaba mucho. Hoy sigue siendo para m\u00ed un d\u00eda especial porque me sigo sintiendo estudiante, tal como reza la &#8220;marcha del estudiante&#8221;: &#8220;&#8230; los que son, los que lo fueron antes, los [&hellip;]<\/p>\n","protected":false},"author":27,"featured_media":0,"comment_status":"open","ping_status":"closed","sticky":false,"template":"","format":"standard","meta":{"footnotes":""},"categories":[20],"tags":[],"_links":{"self":[{"href":"https:\/\/redaccion1.fcpolit.unr.edu.ar\/comision-reviglio\/wp-json\/wp\/v2\/posts\/226"}],"collection":[{"href":"https:\/\/redaccion1.fcpolit.unr.edu.ar\/comision-reviglio\/wp-json\/wp\/v2\/posts"}],"about":[{"href":"https:\/\/redaccion1.fcpolit.unr.edu.ar\/comision-reviglio\/wp-json\/wp\/v2\/types\/post"}],"author":[{"embeddable":true,"href":"https:\/\/redaccion1.fcpolit.unr.edu.ar\/comision-reviglio\/wp-json\/wp\/v2\/users\/27"}],"replies":[{"embeddable":true,"href":"https:\/\/redaccion1.fcpolit.unr.edu.ar\/comision-reviglio\/wp-json\/wp\/v2\/comments?post=226"}],"version-history":[{"count":0,"href":"https:\/\/redaccion1.fcpolit.unr.edu.ar\/comision-reviglio\/wp-json\/wp\/v2\/posts\/226\/revisions"}],"wp:attachment":[{"href":"https:\/\/redaccion1.fcpolit.unr.edu.ar\/comision-reviglio\/wp-json\/wp\/v2\/media?parent=226"}],"wp:term":[{"taxonomy":"category","embeddable":true,"href":"https:\/\/redaccion1.fcpolit.unr.edu.ar\/comision-reviglio\/wp-json\/wp\/v2\/categories?post=226"},{"taxonomy":"post_tag","embeddable":true,"href":"https:\/\/redaccion1.fcpolit.unr.edu.ar\/comision-reviglio\/wp-json\/wp\/v2\/tags?post=226"}],"curies":[{"name":"wp","href":"https:\/\/api.w.org\/{rel}","templated":true}]}}