{"id":224,"date":"2009-09-15T14:16:25","date_gmt":"2009-09-15T14:16:25","guid":{"rendered":"http:\/\/fcpolit.unr.edu.ar\/blogs\/redaccion1-reviglio\/2009\/09\/15\/actividad-sobre-macroestruturas\/"},"modified":"2009-09-15T14:16:25","modified_gmt":"2009-09-15T14:16:25","slug":"actividad-sobre-macroestruturas","status":"publish","type":"post","link":"https:\/\/redaccion1.fcpolit.unr.edu.ar\/comision-reviglio\/2009\/09\/15\/actividad-sobre-macroestruturas\/","title":{"rendered":"Actividad sobre macroestruturas"},"content":{"rendered":"<p><img loading=\"lazy\" decoding=\"async\" alt=\"Van%20Gogh_arboles.jpg\" src=\"http:\/\/www.bdp.org.ar\/facultad\/catedras\/comsoc\/redaccion1\/reviglio\/Van%20Gogh_arboles.jpg\" width=\"118\" height=\"118\" \/><br \/>\n1.- Lean las noticias que est\u00e1n publicadas a continuaci\u00f3n<br \/>\n2.- Apliquen las macrorreglas para derivar la macroestructuras<br \/>\n3.- Ensayar al menos dos t\u00edtulos para cada una de ellas.<\/p>\n<p><!--more--><br \/>\n<em>La presidenta Cristina Fern\u00e1ndez de Kirchner  dar\u00e1 esta tarde una conferencia de prensa para defender el  proyecto oficial de ley de Radiodifusi\u00f3n que est\u00e1 siendo debatido en el Congreso  nacional.<br \/>\nVoceros oficiales indicaron que la rueda de prensa se  realizar\u00e1 a partir de las 15 en el Sal\u00f3n Sur de la Casa Rosada, y que la  jefa del Estado responder\u00e1 a los periodistas \u201c\u00fanicamente a  preguntas relacionadas con ese proyecto de ley\u201d.<br \/>\nLa presidenta ir\u00e1 acompa\u00f1ada por el jefe de Gabinete, An\u00edbal Fern\u00e1ndez, y por el titular del Comfer, Gabriel Mariotto.<br \/>\n&#8212;&#8212;&#8212;&#8212;&#8212;&#8212;&#8212;&#8212;&#8212;&#8212;&#8212;&#8212;&#8212;&#8212;&#8212;&#8212;&#8212;&#8212;&#8212;&#8212;&#8212;&#8212;&#8212;&#8212;&#8212;&#8212;&#8212;&#8212;&#8212;&#8212;&#8212;&#8212;&#8212;&#8212;&#8212;&#8212;&#8212;&#8212;<br \/>\nUn joven de 23 a\u00f1os fue asesinado de un escopetazo en el abdomen y su cu\u00f1ado result\u00f3 herido en un confuso hecho ocurrido en la zona oeste de Rosario, informaron hoy fuentes policiales.<br \/>\nEl ataque se produjo momentos antes de las 21,30 de ayer, en la inmediaciones de Maradona y Campbell.<br \/>\nAll\u00ed se encontraban Miguel Naporichi, de 23 a\u00f1os, junto a su cu\u00f1ado, Esteban Labiosa, de 36, cuando fueron sorprendidos por dos hombres que los interceptaron y les efectuaron varios disparos con una escopeta, tras lo cual huyeron, seg\u00fan cont\u00f3 la hermana de Naporichi y concubina de Labiosa al personal policial.<br \/>\nDe inmediato vecinos de la zona llamaron a una ambulancia del Servicio de Emergencia Sanitaria (Sies) que traslad\u00f3 a ambos al Hospital de Emergencias Clemente Alvarez(Heca), donde horas despu\u00e9s falleci\u00f3 Naporichi.<br \/>\nEn tanto, Labiosa se recuperaba de las heridas recibidas en el abdomen.<br \/>\nLas investigaciones quedaron a cargo de la comisar\u00eda 19\u00aa y de la Brigada de Homicidios de la Unidad Regional II, con intervenci\u00f3n de la Justicia de Instrucci\u00f3n Penal en turno.<\/em><\/p>\n","protected":false},"excerpt":{"rendered":"<p>1.- Lean las noticias que est\u00e1n publicadas a continuaci\u00f3n 2.- Apliquen las macrorreglas para derivar la macroestructuras 3.- Ensayar al menos dos t\u00edtulos para cada una de ellas.<\/p>\n","protected":false},"author":27,"featured_media":0,"comment_status":"open","ping_status":"closed","sticky":false,"template":"","format":"standard","meta":{"footnotes":""},"categories":[11],"tags":[],"_links":{"self":[{"href":"https:\/\/redaccion1.fcpolit.unr.edu.ar\/comision-reviglio\/wp-json\/wp\/v2\/posts\/224"}],"collection":[{"href":"https:\/\/redaccion1.fcpolit.unr.edu.ar\/comision-reviglio\/wp-json\/wp\/v2\/posts"}],"about":[{"href":"https:\/\/redaccion1.fcpolit.unr.edu.ar\/comision-reviglio\/wp-json\/wp\/v2\/types\/post"}],"author":[{"embeddable":true,"href":"https:\/\/redaccion1.fcpolit.unr.edu.ar\/comision-reviglio\/wp-json\/wp\/v2\/users\/27"}],"replies":[{"embeddable":true,"href":"https:\/\/redaccion1.fcpolit.unr.edu.ar\/comision-reviglio\/wp-json\/wp\/v2\/comments?post=224"}],"version-history":[{"count":0,"href":"https:\/\/redaccion1.fcpolit.unr.edu.ar\/comision-reviglio\/wp-json\/wp\/v2\/posts\/224\/revisions"}],"wp:attachment":[{"href":"https:\/\/redaccion1.fcpolit.unr.edu.ar\/comision-reviglio\/wp-json\/wp\/v2\/media?parent=224"}],"wp:term":[{"taxonomy":"category","embeddable":true,"href":"https:\/\/redaccion1.fcpolit.unr.edu.ar\/comision-reviglio\/wp-json\/wp\/v2\/categories?post=224"},{"taxonomy":"post_tag","embeddable":true,"href":"https:\/\/redaccion1.fcpolit.unr.edu.ar\/comision-reviglio\/wp-json\/wp\/v2\/tags?post=224"}],"curies":[{"name":"wp","href":"https:\/\/api.w.org\/{rel}","templated":true}]}}