{"id":223,"date":"2009-09-09T17:09:41","date_gmt":"2009-09-09T17:09:41","guid":{"rendered":"http:\/\/fcpolit.unr.edu.ar\/blogs\/redaccion1-reviglio\/2009\/09\/09\/resumen-clase-13-del-8-de-septiembre\/"},"modified":"2009-09-09T17:09:41","modified_gmt":"2009-09-09T17:09:41","slug":"resumen-clase-13-del-8-de-septiembre","status":"publish","type":"post","link":"https:\/\/redaccion1.fcpolit.unr.edu.ar\/comision-reviglio\/2009\/09\/09\/resumen-clase-13-del-8-de-septiembre\/","title":{"rendered":"Resumen clase 13 del 8 de septiembre"},"content":{"rendered":"<p><em>Por Federico Friguglietti y Julian Zini<\/em><br \/>\n<img loading=\"lazy\" decoding=\"async\" alt=\"resaltador.jpg\" src=\"http:\/\/www.bdp.org.ar\/facultad\/catedras\/comsoc\/redaccion1\/reviglio\/resaltador.jpg\" width=\"111\" height=\"74\" \/><br \/>\nComo ya parece habitual en nuestros d\u00edas martes empezamos el d\u00eda con mucho frio pero pese a eso hubo una mayor concurrencia en comparaci\u00f3n con la clase pasada; luego de una charla muy \u201calentadora\u201d sobre lo que dejo el partido del seleccionado, nos propusimos a comenzar con la clase.<\/p>\n<p><!--more--><br \/>\nCecilia, con la colaboraci\u00f3n de los ayudantes de c\u00e1tedra Franco y Daniela, comenz\u00f3 a explicar mediante un cuadro sin\u00f3ptico la organizaci\u00f3n textual. Posteriormente remarc\u00f3 los conceptos de macroestructura y superestructura evacuando as\u00ed algunas dudas que se manten\u00edan desde el parcial.<br \/>\nM\u00e1s tarde iniciamos el taller de lectura. Entre todos repasamos las noticias m\u00e1s importantes de la \u00faltima jornada y hablamos de la ley de radiodifusi\u00f3n, en ese momento hicimos el cambio de sal\u00f3n que nos encontr\u00f3 desprevenidos por el r\u00e1pido discurrir de la clase.<br \/>\nCuando llegamos a la otra aula concluimos con el taller de lectura y la pr\u00f3xima clase algunos chicos y chicas se comprometieron a hacer seguimiento de la noticia del juicio a los represores de la \u00faltima dictadura militar y otros para seguir el tema de la nueva ley de radiodifusi\u00f3n.<br \/>\nPara la semana que viene tenemos que realizar el trabajo pr\u00e1ctico n\u00famero 18 \u201c<a href=\"http:\/\/www.bdp.org.ar\/facultad\/catedras\/comsoc\/redaccion1\/unidades\/2008\/03\/algo_de_lo_que_vos_sabes_hacer.php\"><strong>Algo de lo que vos saber hacer<\/strong><\/a>\u201d y la actividad n\u00famero 10 &#8220;<a href=\"http:\/\/www.bdp.org.ar\/facultad\/catedras\/comsoc\/redaccion1\/reviglio\/2009\/09\/actividad_10_en_busca_de_la_su.php#more\"><strong>En busca de la Superestructura perdida<\/strong><\/a>&#8221;<br \/>\nComo una suerte de gu\u00eda o ejemplo, para la realizaci\u00f3n del pr\u00e1ctico &#8220;Algo de lo que vos sabes hacer&#8221; les recomendamos la lectura de dos textos escritos por ex-alumnos: &#8220;<a href=\"http:\/\/www.bdp.org.ar\/facultad\/catedras\/comsoc\/redaccion1\/unidades\/2008\/03\/receta_para_un_poema.php\">Receta para un poema<\/a>&#8221; y &#8220;<a href=\"http:\/\/www.bdp.org.ar\/facultad\/catedras\/comsoc\/redaccion1\/unidades\/2008\/03\/como_comportarse_correctamente.php\">Como comportarse correctamente en un velorio<\/a>&#8221;<\/p>\n","protected":false},"excerpt":{"rendered":"<p>Por Federico Friguglietti y Julian Zini Como ya parece habitual en nuestros d\u00edas martes empezamos el d\u00eda con mucho frio pero pese a eso hubo una mayor concurrencia en comparaci\u00f3n con la clase pasada; luego de una charla muy \u201calentadora\u201d sobre lo que dejo el partido del seleccionado, nos propusimos a comenzar con la clase.<\/p>\n","protected":false},"author":17,"featured_media":0,"comment_status":"open","ping_status":"closed","sticky":false,"template":"","format":"standard","meta":{"footnotes":""},"categories":[18],"tags":[],"_links":{"self":[{"href":"https:\/\/redaccion1.fcpolit.unr.edu.ar\/comision-reviglio\/wp-json\/wp\/v2\/posts\/223"}],"collection":[{"href":"https:\/\/redaccion1.fcpolit.unr.edu.ar\/comision-reviglio\/wp-json\/wp\/v2\/posts"}],"about":[{"href":"https:\/\/redaccion1.fcpolit.unr.edu.ar\/comision-reviglio\/wp-json\/wp\/v2\/types\/post"}],"author":[{"embeddable":true,"href":"https:\/\/redaccion1.fcpolit.unr.edu.ar\/comision-reviglio\/wp-json\/wp\/v2\/users\/17"}],"replies":[{"embeddable":true,"href":"https:\/\/redaccion1.fcpolit.unr.edu.ar\/comision-reviglio\/wp-json\/wp\/v2\/comments?post=223"}],"version-history":[{"count":0,"href":"https:\/\/redaccion1.fcpolit.unr.edu.ar\/comision-reviglio\/wp-json\/wp\/v2\/posts\/223\/revisions"}],"wp:attachment":[{"href":"https:\/\/redaccion1.fcpolit.unr.edu.ar\/comision-reviglio\/wp-json\/wp\/v2\/media?parent=223"}],"wp:term":[{"taxonomy":"category","embeddable":true,"href":"https:\/\/redaccion1.fcpolit.unr.edu.ar\/comision-reviglio\/wp-json\/wp\/v2\/categories?post=223"},{"taxonomy":"post_tag","embeddable":true,"href":"https:\/\/redaccion1.fcpolit.unr.edu.ar\/comision-reviglio\/wp-json\/wp\/v2\/tags?post=223"}],"curies":[{"name":"wp","href":"https:\/\/api.w.org\/{rel}","templated":true}]}}