{"id":2202,"date":"2022-08-10T12:37:40","date_gmt":"2022-08-10T12:37:40","guid":{"rendered":"http:\/\/blogs-fcpolit.unr.edu.ar\/redaccion1-reviglio\/?p=2202"},"modified":"2022-08-10T12:37:40","modified_gmt":"2022-08-10T12:37:40","slug":"clase-17-del-9-de-agosto","status":"publish","type":"post","link":"https:\/\/redaccion1.fcpolit.unr.edu.ar\/comision-reviglio\/2022\/08\/10\/clase-17-del-9-de-agosto\/","title":{"rendered":"Resumen de la clase 17 del 9 de agosto"},"content":{"rendered":"<p><a href=\"https:\/\/blogs.fcpolit.unr.edu.ar\/redaccion1-reviglio\/files\/2022\/08\/WhatsApp-Image-2022-08-10-at-9.24.52-AM.jpeg\"><img loading=\"lazy\" decoding=\"async\" src=\"https:\/\/blogs.fcpolit.unr.edu.ar\/redaccion1-reviglio\/files\/2022\/08\/WhatsApp-Image-2022-08-10-at-9.24.52-AM-300x225.jpeg\" alt=\"\" width=\"300\" height=\"225\" class=\"alignleft size-medium wp-image-2203\" \/><\/a>Empezamos nuestra primera clase del segundo cuatrimestre con fr\u00edo, algo de modorra pero muchas ganas de avanzar con la cursada. Intentamos arrancar calentando motores analizando un ejemplo que nos pod\u00eda servir para comprender los problemas en el ordenamiento de la informaci\u00f3n de la noticia que aparecieron en el <a href=\"https:\/\/blogs-fcpolit.unr.edu.ar\/redaccion1-reviglio\/2022\/06\/27\/trabajo-practico-n-4-construccion-de-textos-coherentes-y-cohesionados\/\" rel=\"noopener\" target=\"_blank\">TP 4<\/a>. Pero algo en el sitio web donde est\u00e1 alojada <a href=\"https:\/\/www.redboing.com\/insolito-imputaron-por-extorsiones-a-la-esposa-de-un-ex-comisario-pero-el-juez-postma-le-dio-libertad-con-restricciones\/\" rel=\"noopener\" target=\"_blank\">la noticia<\/a> nos jug\u00f3 una mala pasada y tuvimos que postergarlo.<!--more--><\/p>\n<p>Entonces, pasamos a presentar la <a href=\"https:\/\/blogs-fcpolit.unr.edu.ar\/programa\/category\/2020\/u4\/\" rel=\"noopener\" target=\"_blank\">unidad 4<\/a>, desarrollamos los temas paraguas de la unidad \u2014<a href=\"https:\/\/blogs-fcpolit.unr.edu.ar\/programa\/2020\/07\/29\/unidad-4-periodismo-y-generos-discursivos\/\" rel=\"noopener\" target=\"_blank\">g\u00e9nero discursivo y secuencia textual<\/a>\u2014, y avanzamos el tema de la primera parte \u2014<a href=\"https:\/\/blogs-fcpolit.unr.edu.ar\/programa\/2020\/07\/29\/unidad-4-1-generos-expositivos-y-explicativos\/\" rel=\"noopener\" target=\"_blank\">textos expositivos y periodismo de investigaci\u00f3n<\/a>\u2014 muy relacionado con el primer paso de construcci\u00f3n del <a href=\"https:\/\/blogs-fcpolit.unr.edu.ar\/programa\/2020\/08\/27\/trabajo-practico-final-alistando-motores\/\" rel=\"noopener\" target=\"_blank\">trabajo pr\u00e1ctico final<\/a> (que tambi\u00e9n es el <a href=\"https:\/\/blogs-fcpolit.unr.edu.ar\/programa\/2020\/07\/29\/trabajo-practico-textos-expositivos\/\" rel=\"noopener\" target=\"_blank\">TP Integrador 4.1<\/a>): el proyecto, es decir, la planificaci\u00f3n.<\/p>\n<p>Como parte de la clase y preparaci\u00f3n tambi\u00e9n de la <a href=\"https:\/\/blogs-fcpolit.unr.edu.ar\/redaccion1-reviglio\/2022\/08\/10\/actividad-especial-del-martes-23-de-agosto-encuentro-con-periodistas\/\" rel=\"noopener\" target=\"_blank\">actividad que realizaremos el martes 23\/8<\/a> cuando recibiremos invitadas de lujo a la clase, analizamos el trabajo de investigaci\u00f3n <em><a href=\"https:\/\/df.lacapital.com.ar\/lasvisitantes\/site\/?fbclid=IwAR243NWrYixa4mCaS4qSjCPK2044uMxgyz2QJSAe70IrXw-sk1E51WIW_l8\" rel=\"noopener\" target=\"_blank\">Las visitantes. Historias de mujeres que cuidan a los presos<\/a><\/em> del cual inferimos a partir de su lectura algunos elementos del proyecto: 1) Tema \/ Problema; Hip\u00f3tesis; Fuentes de informaci\u00f3n y; Tareas que realizaron las periodistas para poder escribir el material.<\/p>\n<p>En ese mismo marco, en la clase pr\u00f3xima \u201416 de agosto\u2014 vamos a realizar una actividad consistente en la presentaci\u00f3n del tema sobre el que quieren trabajar para el TP Final y sobre el que trabajar\u00e1n en el TP Integrador 4.1. Las indicaciones para esa actividad que, atenci\u00f3n, es OBLIGATORIA, la encuentran <a href=\"https:\/\/blogs-fcpolit.unr.edu.ar\/redaccion1-reviglio\/2022\/08\/10\/actividad-palpitando-el-trabajo-final-ronda-de-presentacion-de-temas\/\" rel=\"noopener\" target=\"_blank\">aqu\u00ed<\/a>.<\/p>\n<p>La novedad de la clase: No hubo regalo textual. La profe se olvid\u00f3 de prepararlo\u2026 =(<br \/>\n<strong>Un recordatorio m\u00e1s: \u00a1Sigo esperando los <a href=\"https:\/\/blogs-fcpolit.unr.edu.ar\/programa\/2020\/07\/28\/trabajo-pactico-unidad-3-los-textos-y-sus-significados\/\" rel=\"noopener\" target=\"_blank\">TP Integrador 3<\/a>!!!!!<\/strong><\/p>\n<p>Aprovecho y les dejo tambi\u00e9n aqu\u00ed la bibliograf\u00eda de estas tres semanas:<br \/>\n<a href=\"https:\/\/blogs-fcpolit.unr.edu.ar\/programa\/2020\/07\/29\/unidad-4-periodismo-y-generos-discursivos\/\" rel=\"noopener\" target=\"_blank\">Texto articulador<\/a> \u201cPeriodismo y g\u00e9neros discursivos\u201d<br \/>\nFragmentos del cap\u00edtulo <a href=\"https:\/\/drive.google.com\/file\/d\/1pewNy1x2bg0R5-i4XE0qaxenV2-C3i30\/view;  https:\/\/drive.google.com\/file\/d\/1DyzlGEg9rp-RKqMCIsuHypHvJUUu_qCw\/view\" rel=\"noopener\" target=\"_blank\">G\u00e9neros discursivos y secuencias textuales<\/a> (Calsamiglia y Tuson);<br \/>\n<a href=\"https:\/\/drive.google.com\/file\/d\/1OsXNNseQk-Nq4AhS34-PUNKNzre1IRyA\/view\" rel=\"noopener\" target=\"_blank\">Explorar el universo del discurso<\/a> (Reale);<br \/>\nTexto articulador \u201c<a href=\"https:\/\/blogs-fcpolit.unr.edu.ar\/programa\/2020\/07\/29\/unidad-4-1-generos-expositivos-y-explicativos\/\" rel=\"noopener\" target=\"_blank\">Textos expositivos y explicativos<\/a>\u201d<br \/>\n<a href=\"https:\/\/drive.google.com\/file\/d\/1vxtkHc_ZmTVcwUAUXePjmmIq7P8hAoDl\/view\" rel=\"noopener\" target=\"_blank\">Modelo de texto expositivo<\/a> (S\u00e1nchez Lobato);<br \/>\n<a href=\"https:\/\/drive.google.com\/file\/d\/1yDEYS0VJ0hG3FQjIyVSktw6SWwvJ-uoi\/view?usp=sharing\" rel=\"noopener\" target=\"_blank\">El uso de hip\u00f3tesis<\/a>;<br \/>\n<a href=\"https:\/\/drive.google.com\/file\/d\/1VsnEJvvR21j59DLmWkh0H4NOZdmi9bIy\/view\" rel=\"noopener\" target=\"_blank\">Periodismo de investigaci\u00f3n<\/a> (Reyes);<br \/>\n<a href=\"https:\/\/drive.google.com\/file\/d\/1JUH0RSHtzSnNWpSV7sAVzPJOlxN5-OY8\/view\" rel=\"noopener\" target=\"_blank\">C\u00f3mo hacer periodismo de investigaci\u00f3n, paso por paso<\/a> (Rojas Delgado).<\/p>\n","protected":false},"excerpt":{"rendered":"<p>Empezamos nuestra primera clase del segundo cuatrimestre con fr\u00edo, algo de modorra pero muchas ganas de avanzar con la cursada. Intentamos arrancar calentando motores analizando un ejemplo que nos pod\u00eda servir para comprender los problemas en el ordenamiento de la informaci\u00f3n de la noticia que aparecieron en el TP 4. Pero algo en el sitio [&hellip;]<\/p>\n","protected":false},"author":17,"featured_media":0,"comment_status":"open","ping_status":"open","sticky":false,"template":"","format":"standard","meta":{"footnotes":""},"categories":[9,18,32],"tags":[],"_links":{"self":[{"href":"https:\/\/redaccion1.fcpolit.unr.edu.ar\/comision-reviglio\/wp-json\/wp\/v2\/posts\/2202"}],"collection":[{"href":"https:\/\/redaccion1.fcpolit.unr.edu.ar\/comision-reviglio\/wp-json\/wp\/v2\/posts"}],"about":[{"href":"https:\/\/redaccion1.fcpolit.unr.edu.ar\/comision-reviglio\/wp-json\/wp\/v2\/types\/post"}],"author":[{"embeddable":true,"href":"https:\/\/redaccion1.fcpolit.unr.edu.ar\/comision-reviglio\/wp-json\/wp\/v2\/users\/17"}],"replies":[{"embeddable":true,"href":"https:\/\/redaccion1.fcpolit.unr.edu.ar\/comision-reviglio\/wp-json\/wp\/v2\/comments?post=2202"}],"version-history":[{"count":0,"href":"https:\/\/redaccion1.fcpolit.unr.edu.ar\/comision-reviglio\/wp-json\/wp\/v2\/posts\/2202\/revisions"}],"wp:attachment":[{"href":"https:\/\/redaccion1.fcpolit.unr.edu.ar\/comision-reviglio\/wp-json\/wp\/v2\/media?parent=2202"}],"wp:term":[{"taxonomy":"category","embeddable":true,"href":"https:\/\/redaccion1.fcpolit.unr.edu.ar\/comision-reviglio\/wp-json\/wp\/v2\/categories?post=2202"},{"taxonomy":"post_tag","embeddable":true,"href":"https:\/\/redaccion1.fcpolit.unr.edu.ar\/comision-reviglio\/wp-json\/wp\/v2\/tags?post=2202"}],"curies":[{"name":"wp","href":"https:\/\/api.w.org\/{rel}","templated":true}]}}