{"id":220,"date":"2009-08-24T09:52:00","date_gmt":"2009-08-24T09:52:00","guid":{"rendered":"http:\/\/fcpolit.unr.edu.ar\/blogs\/redaccion1-reviglio\/2009\/08\/24\/para-retomar-las-actividades\/"},"modified":"2009-08-24T09:52:00","modified_gmt":"2009-08-24T09:52:00","slug":"para-retomar-las-actividades","status":"publish","type":"post","link":"https:\/\/redaccion1.fcpolit.unr.edu.ar\/comision-reviglio\/2009\/08\/24\/para-retomar-las-actividades\/","title":{"rendered":"Para retomar las actividades"},"content":{"rendered":"<p>El martes pr\u00f3ximo (1 de septiembre) volveremos a reunirnos a las 8 hs en la sala de inform\u00e1tica luego de un largo tiempo sin vernos.<br \/>\nPara organizar mejor la clase y aprovechar el tiempo, les paso un listado de las actividades que realizaremos y temas que trabajaremos.<\/p>\n<p><!--more--><br \/>\n1)  Devoluci\u00f3n de recuperatorios de parcial.<br \/>\n2)  Revisi\u00f3n del tema \u201cDiscursos referidos\u201d a partir de los trabajos pr\u00e1cticos enviados. Les recomiendo que revisen las correcciones y la bibliograf\u00eda, as\u00ed pueden llevar dudas y consultas a la clase.<br \/>\n3)  Hipertextos period\u00edsticos (revisaremos los TP 16 y 17 y la Actividad 9)<br \/>\n4)  Comenzaremos con la Unidad 4: Coherencia y cohesi\u00f3n. Para ello, se recomienda la lectura de los siguientes textos:<br \/>\nTextos base: \u201c<a href=\"http:\/\/www.bdp.org.ar\/facultad\/catedras\/comsoc\/redaccion1\/unidades\/2008\/04\/dos_propiedades_del_texto.php\">Dos propiedades del texto<\/a>\u201d y \u201c<a href=\"http:\/\/www.bdp.org.ar\/facultad\/catedras\/comsoc\/redaccion1\/unidades\/2008\/04\/coherencia.php\">Coherencia<\/a>\u201d.<br \/>\nTexto fuente: \u201c<a href=\"http:\/\/www.bdp.org.ar\/facultad\/catedras\/comsoc\/redaccion1\/unidades\/2008\/03\/factores_de_la_coherencia.php\">Factores de coherencia<\/a>\u201d; \u201c<a href=\"http:\/\/www.bdp.org.ar\/facultad\/catedras\/comsoc\/redaccion1\/unidades\/2008\/03\/superestructuras.php\">Superestructura<\/a>\u201d; \u201c<a href=\"http:\/\/www.bdp.org.ar\/facultad\/catedras\/comsoc\/redaccion1\/unidades\/2008\/03\/macroestructurasestructuras_gl.php\">Macroestructuras<\/a>\u201d y \u201c<a href=\"http:\/\/www.bdp.org.ar\/facultad\/catedras\/comsoc\/redaccion1\/unidades\/2008\/03\/superestructura_del_texto_de_i.php\">Superestructuras del texto de instrucciones<\/a>\u201d.<br \/>\n<strong>Les recuerdo a todos que a partir del viernes pr\u00f3ximo (28\/8) no recibir\u00e9 ning\u00fan trabajo atrasado a excepci\u00f3n de la Actividad 9. Es decir, que tienen esta semana para entregar los trabajos que les faltan. <\/strong><\/p>\n","protected":false},"excerpt":{"rendered":"<p>El martes pr\u00f3ximo (1 de septiembre) volveremos a reunirnos a las 8 hs en la sala de inform\u00e1tica luego de un largo tiempo sin vernos. Para organizar mejor la clase y aprovechar el tiempo, les paso un listado de las actividades que realizaremos y temas que trabajaremos.<\/p>\n","protected":false},"author":27,"featured_media":0,"comment_status":"open","ping_status":"closed","sticky":false,"template":"","format":"standard","meta":{"footnotes":""},"categories":[20],"tags":[],"_links":{"self":[{"href":"https:\/\/redaccion1.fcpolit.unr.edu.ar\/comision-reviglio\/wp-json\/wp\/v2\/posts\/220"}],"collection":[{"href":"https:\/\/redaccion1.fcpolit.unr.edu.ar\/comision-reviglio\/wp-json\/wp\/v2\/posts"}],"about":[{"href":"https:\/\/redaccion1.fcpolit.unr.edu.ar\/comision-reviglio\/wp-json\/wp\/v2\/types\/post"}],"author":[{"embeddable":true,"href":"https:\/\/redaccion1.fcpolit.unr.edu.ar\/comision-reviglio\/wp-json\/wp\/v2\/users\/27"}],"replies":[{"embeddable":true,"href":"https:\/\/redaccion1.fcpolit.unr.edu.ar\/comision-reviglio\/wp-json\/wp\/v2\/comments?post=220"}],"version-history":[{"count":0,"href":"https:\/\/redaccion1.fcpolit.unr.edu.ar\/comision-reviglio\/wp-json\/wp\/v2\/posts\/220\/revisions"}],"wp:attachment":[{"href":"https:\/\/redaccion1.fcpolit.unr.edu.ar\/comision-reviglio\/wp-json\/wp\/v2\/media?parent=220"}],"wp:term":[{"taxonomy":"category","embeddable":true,"href":"https:\/\/redaccion1.fcpolit.unr.edu.ar\/comision-reviglio\/wp-json\/wp\/v2\/categories?post=220"},{"taxonomy":"post_tag","embeddable":true,"href":"https:\/\/redaccion1.fcpolit.unr.edu.ar\/comision-reviglio\/wp-json\/wp\/v2\/tags?post=220"}],"curies":[{"name":"wp","href":"https:\/\/api.w.org\/{rel}","templated":true}]}}