{"id":2196,"date":"2022-08-10T12:23:49","date_gmt":"2022-08-10T12:23:49","guid":{"rendered":"http:\/\/blogs-fcpolit.unr.edu.ar\/redaccion1-reviglio\/?p=2196"},"modified":"2022-08-10T12:23:49","modified_gmt":"2022-08-10T12:23:49","slug":"actividad-especial-del-martes-23-de-agosto-encuentro-con-periodistas","status":"publish","type":"post","link":"https:\/\/redaccion1.fcpolit.unr.edu.ar\/comision-reviglio\/2022\/08\/10\/actividad-especial-del-martes-23-de-agosto-encuentro-con-periodistas\/","title":{"rendered":"Actividad especial del martes 23 de agosto: Encuentro con periodistas"},"content":{"rendered":"<p><a href=\"https:\/\/blogs.fcpolit.unr.edu.ar\/redaccion1-reviglio\/files\/2022\/08\/Las-visitantes.jpg\"><img loading=\"lazy\" decoding=\"async\" src=\"https:\/\/blogs.fcpolit.unr.edu.ar\/redaccion1-reviglio\/files\/2022\/08\/Las-visitantes-300x169.jpg\" alt=\"\" width=\"300\" height=\"169\" class=\"alignleft size-medium wp-image-2197\" \/><\/a><br \/>\nEl martes 23 de agosto ser\u00e1 un d\u00eda especial en la comisi\u00f3n 3 de Redacci\u00f3n 1. Las periodistas Carina Bazzoni, Mar\u00eda Laura Cicerchia y Celina Mutti Lovera, del <a href=\"https:\/\/www.lacapital.com.ar\/\" rel=\"noopener\" target=\"_blank\">diario La capital<\/a> y responsables del trabajo de investigaci\u00f3n <em><a href=\"https:\/\/df.lacapital.com.ar\/lasvisitantes\/site\/?fbclid=IwAR243NWrYixa4mCaS4qSjCPK2044uMxgyz2QJSAe70IrXw-sk1E51WIW_l8\" rel=\"noopener\" target=\"_blank\">Las visitantes. Historias de mujeres que cuidan a los presos<\/a><\/em> nos visitar\u00e1n para contarnos su trabajo, compartir la experiencia de presentarse a <a href=\"https:\/\/www.lacapital.com.ar\/la-ciudad\/un-proyecto-tres-periodistas-del-diario-la-capital-premiado-la-fundacion-gabo-n10003726.html\" rel=\"noopener\" target=\"_blank\">una beca internacional<\/a> como la que ganaron para realizar esta investigaci\u00f3n, c\u00f3mo construyeron el proyecto, c\u00f3mo lo llevaron a cabo, qu\u00e9 decisiones tomaron, etc.<!--more--><\/p>\n<p>Para ello, es importante que leamos minuciosamente <a href=\"https:\/\/df.lacapital.com.ar\/lasvisitantes\/site\/?fbclid=IwAR243NWrYixa4mCaS4qSjCPK2044uMxgyz2QJSAe70IrXw-sk1E51WIW_l8\" rel=\"noopener\" target=\"_blank\">el trabajo completo<\/a> y que vayamos apuntando preguntas para hacerles, as\u00ed como tambi\u00e9n que pensemos en grabar la charla para tenerla disponible para que cada uno pueda tener el material disponible para una actividad pr\u00f3xima que desarrollaremos en la materia.<\/p>\n<p>Si bien recibiremos a nuestras invitadas a las 9 hs en nuestra aula de clase, nosotros nos encontraremos como siempre, a las 8 en punto.<\/p>\n","protected":false},"excerpt":{"rendered":"<p>El martes 23 de agosto ser\u00e1 un d\u00eda especial en la comisi\u00f3n 3 de Redacci\u00f3n 1. Las periodistas Carina Bazzoni, Mar\u00eda Laura Cicerchia y Celina Mutti Lovera, del diario La capital y responsables del trabajo de investigaci\u00f3n Las visitantes. Historias de mujeres que cuidan a los presos nos visitar\u00e1n para contarnos su trabajo, compartir la [&hellip;]<\/p>\n","protected":false},"author":17,"featured_media":0,"comment_status":"open","ping_status":"open","sticky":false,"template":"","format":"standard","meta":{"footnotes":""},"categories":[9,11],"tags":[],"_links":{"self":[{"href":"https:\/\/redaccion1.fcpolit.unr.edu.ar\/comision-reviglio\/wp-json\/wp\/v2\/posts\/2196"}],"collection":[{"href":"https:\/\/redaccion1.fcpolit.unr.edu.ar\/comision-reviglio\/wp-json\/wp\/v2\/posts"}],"about":[{"href":"https:\/\/redaccion1.fcpolit.unr.edu.ar\/comision-reviglio\/wp-json\/wp\/v2\/types\/post"}],"author":[{"embeddable":true,"href":"https:\/\/redaccion1.fcpolit.unr.edu.ar\/comision-reviglio\/wp-json\/wp\/v2\/users\/17"}],"replies":[{"embeddable":true,"href":"https:\/\/redaccion1.fcpolit.unr.edu.ar\/comision-reviglio\/wp-json\/wp\/v2\/comments?post=2196"}],"version-history":[{"count":0,"href":"https:\/\/redaccion1.fcpolit.unr.edu.ar\/comision-reviglio\/wp-json\/wp\/v2\/posts\/2196\/revisions"}],"wp:attachment":[{"href":"https:\/\/redaccion1.fcpolit.unr.edu.ar\/comision-reviglio\/wp-json\/wp\/v2\/media?parent=2196"}],"wp:term":[{"taxonomy":"category","embeddable":true,"href":"https:\/\/redaccion1.fcpolit.unr.edu.ar\/comision-reviglio\/wp-json\/wp\/v2\/categories?post=2196"},{"taxonomy":"post_tag","embeddable":true,"href":"https:\/\/redaccion1.fcpolit.unr.edu.ar\/comision-reviglio\/wp-json\/wp\/v2\/tags?post=2196"}],"curies":[{"name":"wp","href":"https:\/\/api.w.org\/{rel}","templated":true}]}}