{"id":2182,"date":"2022-07-06T11:49:37","date_gmt":"2022-07-06T11:49:37","guid":{"rendered":"http:\/\/blogs-fcpolit.unr.edu.ar\/redaccion1-reviglio\/?p=2182"},"modified":"2022-07-06T11:49:37","modified_gmt":"2022-07-06T11:49:37","slug":"comunicado-sobre-el-parcial","status":"publish","type":"post","link":"https:\/\/redaccion1.fcpolit.unr.edu.ar\/comision-reviglio\/2022\/07\/06\/comunicado-sobre-el-parcial\/","title":{"rendered":"Comunicado sobre el parcial"},"content":{"rendered":"<p>Tal como informamos hoy en clase, los estudiantes Candela Covello, Enzo Gorbar\u00e1n, Juli\u00e1n Lorenzatti y Lara Mengual deber\u00e1n realizar el recuperatorio del parcial el 2 de agosto. <!--more--><br \/>\nTambi\u00e9n podr\u00e1 hacer el parcial Santiago Britez que no lo realiz\u00f3 el 28\/6.<\/p>\n<p>Los estudiantes Elena Albitre, Pilar Altube, Luca Derico, Brisa Feltrin, Guillermina Giuliano, Olivia Hulten, Pedro Lavarello, Luc\u00eda Miranda y Sabrina Pascutti, aprobaron el parcial.<br \/>\nAbril Pettit, Delfina Giosa y Melani Carlini tienen pendiente la correcci\u00f3n del parcial a condici\u00f3n de que env\u00eden y aprueben los Integradores que deben.<\/p>\n<p>Para quienes tiene que rehacer el parcial, la semana del 25 de julio enviar\u00e9 los parciales corregidos y comentados para que puedan evaluar los errores y consultar si fuera necesario.<br \/>\nEl martes 2 de agosto o por fb o a los mails de cada uno enviar\u00e9 las consignas para realizar el recuperatorio en las mismas condiciones del parcial: con 24 hs de tiempo para entregarlo resuelto.<\/p>\n","protected":false},"excerpt":{"rendered":"<p>Tal como informamos hoy en clase, los estudiantes Candela Covello, Enzo Gorbar\u00e1n, Juli\u00e1n Lorenzatti y Lara Mengual deber\u00e1n realizar el recuperatorio del parcial el 2 de agosto.<\/p>\n","protected":false},"author":17,"featured_media":0,"comment_status":"open","ping_status":"open","sticky":false,"template":"","format":"standard","meta":{"footnotes":""},"categories":[9,20],"tags":[],"_links":{"self":[{"href":"https:\/\/redaccion1.fcpolit.unr.edu.ar\/comision-reviglio\/wp-json\/wp\/v2\/posts\/2182"}],"collection":[{"href":"https:\/\/redaccion1.fcpolit.unr.edu.ar\/comision-reviglio\/wp-json\/wp\/v2\/posts"}],"about":[{"href":"https:\/\/redaccion1.fcpolit.unr.edu.ar\/comision-reviglio\/wp-json\/wp\/v2\/types\/post"}],"author":[{"embeddable":true,"href":"https:\/\/redaccion1.fcpolit.unr.edu.ar\/comision-reviglio\/wp-json\/wp\/v2\/users\/17"}],"replies":[{"embeddable":true,"href":"https:\/\/redaccion1.fcpolit.unr.edu.ar\/comision-reviglio\/wp-json\/wp\/v2\/comments?post=2182"}],"version-history":[{"count":0,"href":"https:\/\/redaccion1.fcpolit.unr.edu.ar\/comision-reviglio\/wp-json\/wp\/v2\/posts\/2182\/revisions"}],"wp:attachment":[{"href":"https:\/\/redaccion1.fcpolit.unr.edu.ar\/comision-reviglio\/wp-json\/wp\/v2\/media?parent=2182"}],"wp:term":[{"taxonomy":"category","embeddable":true,"href":"https:\/\/redaccion1.fcpolit.unr.edu.ar\/comision-reviglio\/wp-json\/wp\/v2\/categories?post=2182"},{"taxonomy":"post_tag","embeddable":true,"href":"https:\/\/redaccion1.fcpolit.unr.edu.ar\/comision-reviglio\/wp-json\/wp\/v2\/tags?post=2182"}],"curies":[{"name":"wp","href":"https:\/\/api.w.org\/{rel}","templated":true}]}}