{"id":2169,"date":"2022-06-21T18:55:04","date_gmt":"2022-06-21T18:55:04","guid":{"rendered":"http:\/\/blogs-fcpolit.unr.edu.ar\/redaccion1-reviglio\/?p=2169"},"modified":"2022-06-21T18:55:04","modified_gmt":"2022-06-21T18:55:04","slug":"resumen-de-la-clase-13-del-21-de-junio","status":"publish","type":"post","link":"https:\/\/redaccion1.fcpolit.unr.edu.ar\/comision-reviglio\/2022\/06\/21\/resumen-de-la-clase-13-del-21-de-junio\/","title":{"rendered":"Resumen de la clase 13 del 21 de junio"},"content":{"rendered":"<p><em>Por Lara Mengual<\/em><\/p>\n<p>Comenzamos la clase de hoy, 21 de Junio, hablando un poco sobre cu\u00e1ndo ser\u00e1 el pr\u00f3ximo trabajo pr\u00e1ctico. Nos coment\u00f3 la profe Cecilia que las consignas ser\u00e1n enviadas luego de haber rendido el parcial. El examen ser\u00e1 el martes 28 de Junio, cuyos temas evaluativos ser\u00e1n la unidad uno, la unidad dos y, de la unidad tres, se evaluar\u00e1 \u201ctexto\u201d y \u201cnormas de textualidad\u201d. \u00a1A ESTUDIAR!.<!--more--><\/p>\n<p>Luego, se explic\u00f3 el nuevo tema: \u201c<a href=\"https:\/\/drive.google.com\/file\/d\/1drqjlmwxhMx4tgz9QBkjS4FLd2H5s3-k\/view\" rel=\"noopener\" target=\"_blank\">Coherencia<\/a> y <a href=\"https:\/\/drive.google.com\/file\/d\/1o19tkW-EDXdmi0L1cU6NMwNzGr2tGmsX\/view\" rel=\"noopener\" target=\"_blank\">cohesi\u00f3n<\/a>\u201d. Dimos los conceptos de ambos t\u00e9rminos y los subtemas que complementan a cada una de las dos terminolog\u00edas.<\/p>\n<p>Dentro de la coherencia, encontramos dos tipos: la <em>coherencia de contenido<\/em> y la <em>coherencia pragm\u00e1tica<\/em>. A ra\u00edz de eso, dimos tambi\u00e9n la <em>macroestructura<\/em> y la <em>superestructura<\/em> que son dos t\u00e9rminos que se encuentran dentro de la coherencia.<\/p>\n<p>Por otro lado, se abord\u00f3 la cohesi\u00f3n, donde la profe nos explic\u00f3 otro mont\u00f3n de conceptos. Podes encontrar un ejemplo de identificaci\u00f3n de procedimientos de cohesi\u00f3n (Calsamiglia y Tus\u00f3n, 1999) en <a href=\"https:\/\/www.facebook.com\/groups\/768778830762315\" rel=\"noopener\" target=\"_blank\">la p\u00e1gina de Facebook<\/a> (tambi\u00e9n de aplicaci\u00f3n de macrorreglas y de categor\u00edas superestructurales).<\/p>\n<p>Para finalizar, Ceci nos ley\u00f3 el pr\u00f3logo de <a href=\"https:\/\/blogs-fcpolit.unr.edu.ar\/redaccion1-reviglio\/2022\/06\/21\/regalo-textual-12-un-texto-de-tatiana-tibuleac\/\" rel=\"noopener\" target=\"_blank\">El jard\u00edn de vidrio<\/a>, un libro hermoso que nos recomend\u00f3 leer, ya que es una novela emocionante escrita por Tatiana Tibuleac, una autora moldava.<\/p>\n","protected":false},"excerpt":{"rendered":"<p>Por Lara Mengual Comenzamos la clase de hoy, 21 de Junio, hablando un poco sobre cu\u00e1ndo ser\u00e1 el pr\u00f3ximo trabajo pr\u00e1ctico. Nos coment\u00f3 la profe Cecilia que las consignas ser\u00e1n enviadas luego de haber rendido el parcial. El examen ser\u00e1 el martes 28 de Junio, cuyos temas evaluativos ser\u00e1n la unidad uno, la unidad dos [&hellip;]<\/p>\n","protected":false},"author":17,"featured_media":0,"comment_status":"open","ping_status":"open","sticky":false,"template":"","format":"standard","meta":{"footnotes":""},"categories":[9,18,32],"tags":[],"_links":{"self":[{"href":"https:\/\/redaccion1.fcpolit.unr.edu.ar\/comision-reviglio\/wp-json\/wp\/v2\/posts\/2169"}],"collection":[{"href":"https:\/\/redaccion1.fcpolit.unr.edu.ar\/comision-reviglio\/wp-json\/wp\/v2\/posts"}],"about":[{"href":"https:\/\/redaccion1.fcpolit.unr.edu.ar\/comision-reviglio\/wp-json\/wp\/v2\/types\/post"}],"author":[{"embeddable":true,"href":"https:\/\/redaccion1.fcpolit.unr.edu.ar\/comision-reviglio\/wp-json\/wp\/v2\/users\/17"}],"replies":[{"embeddable":true,"href":"https:\/\/redaccion1.fcpolit.unr.edu.ar\/comision-reviglio\/wp-json\/wp\/v2\/comments?post=2169"}],"version-history":[{"count":0,"href":"https:\/\/redaccion1.fcpolit.unr.edu.ar\/comision-reviglio\/wp-json\/wp\/v2\/posts\/2169\/revisions"}],"wp:attachment":[{"href":"https:\/\/redaccion1.fcpolit.unr.edu.ar\/comision-reviglio\/wp-json\/wp\/v2\/media?parent=2169"}],"wp:term":[{"taxonomy":"category","embeddable":true,"href":"https:\/\/redaccion1.fcpolit.unr.edu.ar\/comision-reviglio\/wp-json\/wp\/v2\/categories?post=2169"},{"taxonomy":"post_tag","embeddable":true,"href":"https:\/\/redaccion1.fcpolit.unr.edu.ar\/comision-reviglio\/wp-json\/wp\/v2\/tags?post=2169"}],"curies":[{"name":"wp","href":"https:\/\/api.w.org\/{rel}","templated":true}]}}