{"id":2081,"date":"2022-04-13T14:17:41","date_gmt":"2022-04-13T14:17:41","guid":{"rendered":"http:\/\/blogs-fcpolit.unr.edu.ar\/redaccion1-reviglio\/?p=2081"},"modified":"2022-04-13T14:17:41","modified_gmt":"2022-04-13T14:17:41","slug":"clase-no-5-del-12-de-abril","status":"publish","type":"post","link":"https:\/\/redaccion1.fcpolit.unr.edu.ar\/comision-reviglio\/2022\/04\/13\/clase-no-5-del-12-de-abril\/","title":{"rendered":"Clase N\u00ba 5, del 12  de abril"},"content":{"rendered":"<p><a href=\"https:\/\/blogs.fcpolit.unr.edu.ar\/redaccion1-reviglio\/files\/2022\/04\/WhatsApp-Image-2022-04-13-at-8.12.07-AM.jpeg\"><img loading=\"lazy\" decoding=\"async\" src=\"https:\/\/blogs.fcpolit.unr.edu.ar\/redaccion1-reviglio\/files\/2022\/04\/WhatsApp-Image-2022-04-13-at-8.12.07-AM-225x300.jpeg\" alt=\"\" width=\"225\" height=\"300\" class=\"alignleft size-medium wp-image-2082\" \/><\/a>La clase de ayer empez\u00f3 con un olvido: el de la profe de designar a alguien para escribiera ese resumen que ahora est\u00e1 escribiendo ella.<\/p>\n<p>Luego de eso y de alg\u00fan comentario sobre el fr\u00edo el oto\u00f1o, empezamos a calentar motores repasando los errores m\u00e1s comunes en el <a href=\"https:\/\/blogs-fcpolit.unr.edu.ar\/redaccion1-reviglio\/2022\/03\/28\/trabajo-practico-n-1-estrategias-de-composicion-sobre-recuerdos-de-sabores-de-infancia-2\/\" rel=\"noopener\" target=\"_blank\">TP 1 <\/a>, sobre todo en lo que hac\u00eda al proceso de planificaci\u00f3n y de escritura. En ese marco, recordamos que los subprocesos no son sucesivos, sino que se va y se vuelve de la planificaci\u00f3n a la escritura y, por tanto, si en la escritura misma surgen nuevas ideas para el texto, se deben incluir en la planificaci\u00f3n.<\/p>\n<p><strong>Recomendaci\u00f3n:<\/strong> presentar la planificaci\u00f3n inicial y luego la versi\u00f3n \u201cajustada\u201d con las ideas que efectivamente aparecen en el texto.<!--more--><\/p>\n<p>Otra cuesti\u00f3n que revisamos era lo que consideramos una lista de ideas ya que la mayor\u00eda hizo una lista de temas o subtemas o conceptos muy globales pero no de ideas m\u00e1s concretas como aparecen en la mente. Para eso, revisamos<a href=\"https:\/\/blogs-fcpolit.unr.edu.ar\/programa\/2003\/04\/05\/importancia-de-la-etapa-de-planificacion-de-la-escritura-t-base-5\/\" rel=\"noopener\" target=\"_blank\"> un ejemplo de hace varios a\u00f1os<\/a> (por eso les pido que tengan en cuenta que el contenido puede parecer desactualizado, dado que es de fines de los \u201990).<\/p>\n<p><a href=\"https:\/\/blogs.fcpolit.unr.edu.ar\/redaccion1-reviglio\/files\/2022\/04\/WhatsApp-Image-2022-04-13-at-11.15.10-AM.jpeg\"><img loading=\"lazy\" decoding=\"async\" src=\"https:\/\/blogs.fcpolit.unr.edu.ar\/redaccion1-reviglio\/files\/2022\/04\/WhatsApp-Image-2022-04-13-at-11.15.10-AM-300x225.jpeg\" alt=\"\" width=\"300\" height=\"225\" class=\"alignleft size-medium wp-image-2083\" \/><\/a>Sobre cuestiones m\u00e1s puntuales de escritura, trabajamos repas\u00e1ndolas a partir del ingenioso <a href=\"https:\/\/blogs-fcpolit.unr.edu.ar\/redaccion1-reviglio\/2022\/03\/28\/por-el-estilo-2\/\" rel=\"noopener\" target=\"_blank\">texto del periodista Mart\u00edn Caparr\u00f3s<\/a> , del que trabajamos algunos fragmentos relacionados a la presentaci\u00f3n del texto, qu\u00e9 contar, algunas cuestiones sobre adjetivos, verbos, gerundios, voz activa y pasiva, algunos signos de puntuaci\u00f3n como la coma, el punto y coma y los dos puntos.<br \/>\nEn pr\u00f3ximas clases, seguiremos repasando otros aspectos de la escritura que aparecen en ese texto de Caparr\u00f3s.<br \/>\nLos que necesitan algunos d\u00edas para reescribir el TP 1, pueden tomarse hasta el lunes.<\/p>\n<p>Luego, pasamos al tema de la semana: Fuentes de informaci\u00f3n, a partir de los siguientes materiales bibliogr\u00e1ficos: <a href=\"https:\/\/drive.google.com\/file\/d\/117KL6KksoBB9lLkxm4zI4HiLk-l2bqox\/view\" rel=\"noopener\" target=\"_blank\">El valor de la informaci\u00f3n<\/a>, de Mar de Fontcuberta;  <a href=\"https:\/\/drive.google.com\/file\/d\/1AZZDdkVCSBlk2igEpmpRm_pswKmtYVNU\/view\" rel=\"noopener\" target=\"_blank\">El proceso de b\u00fasqueda de fuentes<\/a>, de Pepe Rodr\u00edguez; <a href=\"https:\/\/drive.google.com\/file\/d\/13beNJIgnsfMelwp9TosvThyautvrumHc\/view\" rel=\"noopener\" target=\"_blank\">Contar lo que el poder quiere ocultar<\/a>, de Hugo Alconada Mon. Discutimos sobre los diferentes aspectos presentados en los textos y dimos algunos ejemplos.<\/p>\n<p>Para evaluar este tema y el de actos de habla, la semana que viene deben entregar el <a href=\"https:\/\/blogs-fcpolit.unr.edu.ar\/redaccion1-reviglio\/2022\/04\/11\/trabajo-practico-no-2-actos-de-habla-y-fuentes-de-informacion-en-redes-sociales-en-internet\/\" rel=\"noopener\" target=\"_blank\">TP 2: Actos de habla y fuentes de informaci\u00f3n en redes sociales en Internet<\/a> (entrega: 19\/4).<br \/>\n<strong>ATENCI\u00d3N  que se trata de un trabajo grupal. NO SE ACEPTAR\u00c1N ENTREGAS INDIVIDUALES.<\/strong><\/p>\n<p><a href=\"https:\/\/blogs.fcpolit.unr.edu.ar\/redaccion1-reviglio\/files\/2022\/04\/WhatsApp-Image-2022-04-13-at-11.15.11-AM.jpeg\"><img loading=\"lazy\" decoding=\"async\" src=\"https:\/\/blogs.fcpolit.unr.edu.ar\/redaccion1-reviglio\/files\/2022\/04\/WhatsApp-Image-2022-04-13-at-11.15.11-AM-300x225.jpeg\" alt=\"\" width=\"300\" height=\"225\" class=\"alignleft size-medium wp-image-2084\" \/><\/a>Luego, pasamos al taller de lectura sobre las noticias de la semana que esta vez s\u00ed se cerr\u00f3 con una tarea de escritura. Compartimos las noticias, discutimos criterios y luego, se lanzaron a escribir.<\/p>\n<p>En esta clase, el <a href=\"https:\/\/blogs-fcpolit.unr.edu.ar\/redaccion1-reviglio\/2022\/04\/13\/regalo-textual-4-como-se-hace-una-masa-escribir-es-seguir-hasta-terminar\/\" rel=\"noopener\" target=\"_blank\">regalo textual <\/a>qued\u00f3 para ser le\u00eddo por cada uno y cada una, ya que en la clase el tiempo tambi\u00e9n suele ser tirano (adem\u00e1s del acuerdo de no hacer recreo y terminar 10:50 hs) y nos quedamos sin tiempo para compartirlo.<\/p>\n<p>La semana pr\u00f3xima trabajaremos en la planificaci\u00f3n del <a href=\"https:\/\/blogs-fcpolit.unr.edu.ar\/programa\/2020\/03\/08\/trabajo-practico-1-planificar-y-redactar\/\" rel=\"noopener\" target=\"_blank\">TP Integrador de la Unidad 1<\/a>, para lo cual sugiero tener bien le\u00edda y analizada la consigna, elegido alg\u00fan o algunos temas para realizarlo y alg\u00fan material que puedan necesitan para el proceso de trabajo.<\/p>\n<p>\u00a1Buen descanso de fin de semana largo!<\/p>\n","protected":false},"excerpt":{"rendered":"<p>La clase de ayer empez\u00f3 con un olvido: el de la profe de designar a alguien para escribiera ese resumen que ahora est\u00e1 escribiendo ella. Luego de eso y de alg\u00fan comentario sobre el fr\u00edo el oto\u00f1o, empezamos a calentar motores repasando los errores m\u00e1s comunes en el TP 1 , sobre todo en lo [&hellip;]<\/p>\n","protected":false},"author":17,"featured_media":0,"comment_status":"open","ping_status":"open","sticky":false,"template":"","format":"standard","meta":{"footnotes":""},"categories":[9,18,32],"tags":[],"_links":{"self":[{"href":"https:\/\/redaccion1.fcpolit.unr.edu.ar\/comision-reviglio\/wp-json\/wp\/v2\/posts\/2081"}],"collection":[{"href":"https:\/\/redaccion1.fcpolit.unr.edu.ar\/comision-reviglio\/wp-json\/wp\/v2\/posts"}],"about":[{"href":"https:\/\/redaccion1.fcpolit.unr.edu.ar\/comision-reviglio\/wp-json\/wp\/v2\/types\/post"}],"author":[{"embeddable":true,"href":"https:\/\/redaccion1.fcpolit.unr.edu.ar\/comision-reviglio\/wp-json\/wp\/v2\/users\/17"}],"replies":[{"embeddable":true,"href":"https:\/\/redaccion1.fcpolit.unr.edu.ar\/comision-reviglio\/wp-json\/wp\/v2\/comments?post=2081"}],"version-history":[{"count":0,"href":"https:\/\/redaccion1.fcpolit.unr.edu.ar\/comision-reviglio\/wp-json\/wp\/v2\/posts\/2081\/revisions"}],"wp:attachment":[{"href":"https:\/\/redaccion1.fcpolit.unr.edu.ar\/comision-reviglio\/wp-json\/wp\/v2\/media?parent=2081"}],"wp:term":[{"taxonomy":"category","embeddable":true,"href":"https:\/\/redaccion1.fcpolit.unr.edu.ar\/comision-reviglio\/wp-json\/wp\/v2\/categories?post=2081"},{"taxonomy":"post_tag","embeddable":true,"href":"https:\/\/redaccion1.fcpolit.unr.edu.ar\/comision-reviglio\/wp-json\/wp\/v2\/tags?post=2081"}],"curies":[{"name":"wp","href":"https:\/\/api.w.org\/{rel}","templated":true}]}}