{"id":207,"date":"2009-06-02T15:36:00","date_gmt":"2009-06-02T15:36:00","guid":{"rendered":"http:\/\/fcpolit.unr.edu.ar\/blogs\/redaccion1-reviglio\/2009\/06\/02\/clase-8-del-2-de-junio\/"},"modified":"2009-06-02T15:36:00","modified_gmt":"2009-06-02T15:36:00","slug":"clase-8-del-2-de-junio","status":"publish","type":"post","link":"https:\/\/redaccion1.fcpolit.unr.edu.ar\/comision-reviglio\/2009\/06\/02\/clase-8-del-2-de-junio\/","title":{"rendered":"Clase 8 del 2 de junio"},"content":{"rendered":"<p><img loading=\"lazy\" decoding=\"async\" alt=\"invierno%202.jpg\" src=\"http:\/\/www.bdp.org.ar\/facultad\/catedras\/comsoc\/redaccion1\/reviglio\/invierno%202.jpg\" width=\"127\" height=\"95\" \/><br \/>\n<em>por Florencia Fern\u00e1ndez<\/em><br \/>\nEmpezamos el d\u00eda con una ma\u00f1ana muy fr\u00eda, y quiz\u00e1s esa fue la raz\u00f3n por la cual muchos se quedaron durmiendo y en la clase de hoy \u00e9ramos menos personas de las que somos habitualmente<br \/>\nPasados unos minutos de las ocho de la ma\u00f1ana, Cecilia empez\u00f3 a desarrollar los primeros temas de la unidad II: \u201cLeer y escribir\u201d, a explicar los textos que hab\u00eda que leer para esta clase.<\/p>\n<p><!--more--><br \/>\nUna vez finalizada la explicaci\u00f3n, tuvimos un peque\u00f1o recreo y como siempre, fuimos al sal\u00f3n que se encuentra al lado de la biblioteca para comenzar con el taller de lectura.<br \/>\nJunto a Franco y Cecilia se comentaron las noticias m\u00e1s relevantes de la semana. Algunas de ellas fueron:<br \/>\nEl accidente a\u00e9reo de la l\u00ednea Air France<br \/>\nPrimer caso de gripe A confirmado en Santa Fe<br \/>\nTr\u00e1gico accidente en la ruta n\u00ba 9<br \/>\nLuego de dar por terminado el debate, esta vez, el taller de lectura n\u00ba 7 consisti\u00f3 en redactar tres leads de tres noticias diferentes, una de ellas, con su titular.<br \/>\nLos trabajos pr\u00e1cticos que se deben realizar para la pr\u00f3xima clase son:<br \/>\n&#61607;\t<a href=\"http:\/\/www.bdp.org.ar\/facultad\/catedras\/comsoc\/redaccion1\/unidades\/2008\/03\/memorias_de_la_lectura.php\">TP n\u00ba 9: \u201cMemorias de la lectura\u201d <\/a><br \/>\n&#61607;\t<a href=\"http:\/\/www.bdp.org.ar\/facultad\/catedras\/comsoc\/redaccion1\/unidades\/2008\/06\/lectores_trabajando.php\">TP n\u00ba 10 : \u201cLectores Trabajando\u201d<\/a><br \/>\nLos textos  que deben estar le\u00eddos para el martes que viene son:<br \/>\nTextos Base: <a href=\"http:\/\/www.bdp.org.ar\/facultad\/catedras\/comsoc\/redaccion1\/unidades\/2008\/03\/la_comprension_y_la_estructura.php\">\u201cAproximaci\u00f3n a los formatos globales\u201d<\/a> y <a href=\"http:\/\/www.bdp.org.ar\/facultad\/catedras\/comsoc\/redaccion1\/unidades\/2008\/03\/complementacion_entre_los_proc.php\">&#8220;Complementaci\u00f3n entre los procesos de escritura y lectura&#8221;<\/a>.<br \/>\nTextos Fuente: <a href=\"http:\/\/www.bdp.org.ar\/facultad\/catedras\/comsoc\/redaccion1\/unidades\/2008\/03\/la_estructura_de_los_textos_y.php\">\u201cLa estructura de los textos y la comprensi\u00f3n\u201d<\/a>, <a href=\"http:\/\/www.bdp.org.ar\/facultad\/catedras\/comsoc\/redaccion1\/unidades\/2008\/03\/filtro_afectivo.php\">\u201cFiltro afectivo\u201d<\/a>, <a href=\"http:\/\/www.bdp.org.ar\/facultad\/catedras\/comsoc\/redaccion1\/unidades\/2008\/03\/estados_afectivos_cognitivos_y.php\">\u201cEstados afectivos, cognitivos y metacognitivos\u201d.<\/a> y &#8220;<a href=\"http:\/\/www.bdp.org.ar\/facultad\/catedras\/comsoc\/redaccion1\/unidades\/2008\/07\/que_es_leer.php\">\u00bfQu\u00e9 es leer?&#8221;<\/a><br \/>\nUn texto m\u00e1s: <a href=\"http:\/\/www.bdp.org.ar\/facultad\/catedras\/comsoc\/redaccion1\/reviglio\/2009\/06\/la_influencia_de_los_formatos.php#more\">\u201cLa importancia de los formatos en la pr\u00e1cticas de lecturas\u201d<\/a><br \/>\n<strong>Otro aviso importante:<\/strong><br \/>\nEn las pr\u00f3ximas semanas habr\u00e1 que realizar un TP que consistir\u00e1 en cubrir alguna actividad y a partir de los datos recogidos en la cobertura, redactar una noticia. Tenemos dos buenas oportunidades pr\u00f3ximas para hacerlo:<br \/>\n<a href=\"http:\/\/www.bdp.org.ar\/facultad\/catedras\/comsoc\/redaccion1\/2009\/05\/carlos_ulanosky_en_rosario.php#more\">Encuentro con el periodista Carlos Ulanovsky<\/a> en el Teatro La Comedia. Viernes 5\/6 a las 18:30 hs.<br \/>\n<strong>Charla de Juan Pablo Meneses<\/strong> sobre Periodismo port\u00e1til: \u00bfC\u00f3mo sobrevivir contando historias por el mundo? Jueves 4 de junio a las 19hs en el T\u00fanel 4 del Centro Cultural Parque de Espa\u00f1a (Sarmiento y el R\u00edo Paran\u00e1.<br \/>\nEn cualquiera de las dos actividades es importante concurrir con papel y birome para tomar nota o bien grabador, ya que necesitaremos informaci\u00f3n para luego construir la noticia.<br \/>\nSaludos!!! Para cualquier duda:<br \/>\nfloppyf22@hotmail.com<\/p>\n","protected":false},"excerpt":{"rendered":"<p>por Florencia Fern\u00e1ndez Empezamos el d\u00eda con una ma\u00f1ana muy fr\u00eda, y quiz\u00e1s esa fue la raz\u00f3n por la cual muchos se quedaron durmiendo y en la clase de hoy \u00e9ramos menos personas de las que somos habitualmente Pasados unos minutos de las ocho de la ma\u00f1ana, Cecilia empez\u00f3 a desarrollar los primeros temas de [&hellip;]<\/p>\n","protected":false},"author":27,"featured_media":0,"comment_status":"open","ping_status":"closed","sticky":false,"template":"","format":"standard","meta":{"footnotes":""},"categories":[18],"tags":[],"_links":{"self":[{"href":"https:\/\/redaccion1.fcpolit.unr.edu.ar\/comision-reviglio\/wp-json\/wp\/v2\/posts\/207"}],"collection":[{"href":"https:\/\/redaccion1.fcpolit.unr.edu.ar\/comision-reviglio\/wp-json\/wp\/v2\/posts"}],"about":[{"href":"https:\/\/redaccion1.fcpolit.unr.edu.ar\/comision-reviglio\/wp-json\/wp\/v2\/types\/post"}],"author":[{"embeddable":true,"href":"https:\/\/redaccion1.fcpolit.unr.edu.ar\/comision-reviglio\/wp-json\/wp\/v2\/users\/27"}],"replies":[{"embeddable":true,"href":"https:\/\/redaccion1.fcpolit.unr.edu.ar\/comision-reviglio\/wp-json\/wp\/v2\/comments?post=207"}],"version-history":[{"count":0,"href":"https:\/\/redaccion1.fcpolit.unr.edu.ar\/comision-reviglio\/wp-json\/wp\/v2\/posts\/207\/revisions"}],"wp:attachment":[{"href":"https:\/\/redaccion1.fcpolit.unr.edu.ar\/comision-reviglio\/wp-json\/wp\/v2\/media?parent=207"}],"wp:term":[{"taxonomy":"category","embeddable":true,"href":"https:\/\/redaccion1.fcpolit.unr.edu.ar\/comision-reviglio\/wp-json\/wp\/v2\/categories?post=207"},{"taxonomy":"post_tag","embeddable":true,"href":"https:\/\/redaccion1.fcpolit.unr.edu.ar\/comision-reviglio\/wp-json\/wp\/v2\/tags?post=207"}],"curies":[{"name":"wp","href":"https:\/\/api.w.org\/{rel}","templated":true}]}}