{"id":2043,"date":"2022-03-30T12:17:53","date_gmt":"2022-03-30T12:17:53","guid":{"rendered":"http:\/\/blogs-fcpolit.unr.edu.ar\/redaccion1-reviglio\/?p=2043"},"modified":"2022-03-30T12:17:53","modified_gmt":"2022-03-30T12:17:53","slug":"resumen-de-la-clase-3-29-de-marzo","status":"publish","type":"post","link":"https:\/\/redaccion1.fcpolit.unr.edu.ar\/comision-reviglio\/2022\/03\/30\/resumen-de-la-clase-3-29-de-marzo\/","title":{"rendered":"Resumen de la clase 3 &#8211; 29 de marzo"},"content":{"rendered":"<p><a href=\"https:\/\/blogs.fcpolit.unr.edu.ar\/redaccion1-reviglio\/files\/2022\/03\/King-II.jpg\"><img loading=\"lazy\" decoding=\"async\" src=\"https:\/\/blogs.fcpolit.unr.edu.ar\/redaccion1-reviglio\/files\/2022\/03\/King-II.jpg\" alt=\"\" width=\"275\" height=\"183\" class=\"alignleft size-full wp-image-2044\" \/><\/a><\/p>\n<p><em>Por Olivia Hulten <\/em><\/p>\n<p>\u00a1Hola a todos! Es un desaf\u00edo muy grande para m\u00ed realizar el resumen de la clase de hoy. Sin embargo, no voy a dejar que el miedo me gane y pondr\u00e9 a prueba todo lo que estuvimos leyendo y comentando para poder hacer de este, un texto comprensible y \u00fatil para todos.<br \/>\nEn el inicio de la clase de hoy comenzamos a comentar acerca de los diversos textos que deb\u00edamos leer. Pusimos en com\u00fan nuestras ideas, opiniones e interpretaciones de cada uno de ellos. De los diversos autores pudimos rescatar varias ideas y conceptos importantes: <!--more--><\/p>\n<p>\u25cf\t<a href=\"https:\/\/drive.google.com\/file\/d\/1yOdkBE-Gt_EeVLn-4xzMp-WCaCliNxkT\/view\">Stephen King<\/a>: La escritura es un oficio que requiere un trabajo peri\u00f3dico, detallado y t\u00e9cnico. A su vez, necesita de diversas herramientas entre las cuales encontramos la gram\u00e1tica, el vocabulario y la puntuaci\u00f3n.<br \/>\n\u25cf\tDaniel Cassany: La realizaci\u00f3n de una <a href=\"https:\/\/drive.google.com\/file\/d\/1Qkhc_DgYV-X0kkI9sOAXi9dtltSuX2mc\/view\" rel=\"noopener\" target=\"_blank\">lectura de escritor <\/a>es fundamental para aprender a <a href=\"https:\/\/drive.google.com\/file\/d\/1IKZ7I_yrQj5demq0qrmOJsfRGx1i_N1c\/view\" rel=\"noopener\" target=\"_blank\">escribir<\/a>. Se debe dejar de lado el <a href=\"https:\/\/drive.google.com\/file\/d\/1hE49KX_ncJUBZEwdBWKumta2MPk8d6Jy\/view\" rel=\"noopener\" target=\"_blank\">contenido del texto<\/a> para concentrarse en la estructura, composici\u00f3n y organizaci\u00f3n de los diversos g\u00e9neros literarios.<br \/>\n\u25cf\t<a href=\"https:\/\/drive.google.com\/file\/d\/1l03-ifZ3KpTGJvB2BVMKjPJrYChK8RXl\/view\" rel=\"noopener\" target=\"_blank\">Anal\u00eda Reale<\/a>: Las estrategias de composici\u00f3n est\u00e1n compuestas por diversos elementos. Todos ellos moldean la producci\u00f3n literaria y la condicionan dependiendo del problema ret\u00f3rico que el escritor aborde, de su memoria a largo plazo y del contexto de trabajo.<\/p>\n<p>Una vez despejadas todas las dudas que cada uno de los textos generaron, comenzamos nuestro primer taller de lectura. Se trat\u00f3 de un primer acercamiento a la din\u00e1mica de esta nueva actividad. Aprendimos a diferenciar un tema de un hecho y, a partir de un ejemplo, extrajimos una serie de elementos que convierten un hecho en noticia. Para finalizar, la profe nos propuso seguir leyendo art\u00edculos period\u00edsticos para realizar un nuevo taller de lectura dentro de 15 d\u00edas.<\/p>\n<p>Adem\u00e1s, lleg\u00f3 la hora de realizar el <a href=\"https:\/\/blogs-fcpolit.unr.edu.ar\/redaccion1-reviglio\/2022\/03\/28\/trabajo-practico-n-1-estrategias-de-composicion-sobre-recuerdos-de-sabores-de-infancia-2\/\" rel=\"noopener\" target=\"_blank\">primer trabajo pr\u00e1ctico de la materia<\/a>.<\/p>\n<p>Para la clase pr\u00f3xima, adem\u00e1s de hacer el TP1, deberemos leer:<br \/>\n<a href=\"https:\/\/drive.google.com\/file\/d\/1EWNaxfHYcydRubv9XucK7ff1IHrvUpci\/view\" rel=\"noopener\" target=\"_blank\">Estrategias interactivas y pragm\u00e1ticas<\/a> de Mabel Marrio y Amalia Delamea<br \/>\n<a href=\"https:\/\/drive.google.com\/file\/d\/1nK1BRdo-2tzoLbckMRkUs9liQoblfp3Q\/view\" rel=\"noopener\" target=\"_blank\">Adecuaci\u00f3n pragm\u00e1tica<\/a> de Mar\u00eda Isabel Gregorio y Cristina Rebola<br \/>\n<a href=\"https:\/\/drive.google.com\/file\/d\/1IVZRBA5qDfMd50r7rmWOVs7xRksX1QJp\/view\" rel=\"noopener\" target=\"_blank\">Conferencias IX y XII<\/a> del libro <em>\u00bfC\u00f3mo hacer cosas con palabras?<\/em>, de John Austin.<\/p>\n<p>Espero haber cumplido mi objetivo y aguardo con ansias los res\u00famenes de clases de cada uno de ustedes. \u00a1Nos vemos en la facu!<\/p>\n","protected":false},"excerpt":{"rendered":"<p>Por Olivia Hulten \u00a1Hola a todos! Es un desaf\u00edo muy grande para m\u00ed realizar el resumen de la clase de hoy. Sin embargo, no voy a dejar que el miedo me gane y pondr\u00e9 a prueba todo lo que estuvimos leyendo y comentando para poder hacer de este, un texto comprensible y \u00fatil para todos. [&hellip;]<\/p>\n","protected":false},"author":17,"featured_media":0,"comment_status":"open","ping_status":"open","sticky":false,"template":"","format":"standard","meta":{"footnotes":""},"categories":[9,32],"tags":[],"_links":{"self":[{"href":"https:\/\/redaccion1.fcpolit.unr.edu.ar\/comision-reviglio\/wp-json\/wp\/v2\/posts\/2043"}],"collection":[{"href":"https:\/\/redaccion1.fcpolit.unr.edu.ar\/comision-reviglio\/wp-json\/wp\/v2\/posts"}],"about":[{"href":"https:\/\/redaccion1.fcpolit.unr.edu.ar\/comision-reviglio\/wp-json\/wp\/v2\/types\/post"}],"author":[{"embeddable":true,"href":"https:\/\/redaccion1.fcpolit.unr.edu.ar\/comision-reviglio\/wp-json\/wp\/v2\/users\/17"}],"replies":[{"embeddable":true,"href":"https:\/\/redaccion1.fcpolit.unr.edu.ar\/comision-reviglio\/wp-json\/wp\/v2\/comments?post=2043"}],"version-history":[{"count":0,"href":"https:\/\/redaccion1.fcpolit.unr.edu.ar\/comision-reviglio\/wp-json\/wp\/v2\/posts\/2043\/revisions"}],"wp:attachment":[{"href":"https:\/\/redaccion1.fcpolit.unr.edu.ar\/comision-reviglio\/wp-json\/wp\/v2\/media?parent=2043"}],"wp:term":[{"taxonomy":"category","embeddable":true,"href":"https:\/\/redaccion1.fcpolit.unr.edu.ar\/comision-reviglio\/wp-json\/wp\/v2\/categories?post=2043"},{"taxonomy":"post_tag","embeddable":true,"href":"https:\/\/redaccion1.fcpolit.unr.edu.ar\/comision-reviglio\/wp-json\/wp\/v2\/tags?post=2043"}],"curies":[{"name":"wp","href":"https:\/\/api.w.org\/{rel}","templated":true}]}}